{"id":20,"date":"2018-06-13T19:28:03","date_gmt":"2018-06-13T17:28:03","guid":{"rendered":"http:\/\/localhost:8888\/flatsome-next\/?p=1"},"modified":"2020-05-27T15:00:05","modified_gmt":"2020-05-27T13:00:05","slug":"gala-podkarpacka-nagroda-gospodarcza-2017","status":"publish","type":"post","link":"https:\/\/bryk.com.pl?p=20","title":{"rendered":"Docenieni za liderstwo w regionie"},"content":{"rendered":"<p>30 listopada 2017 roku po raz szesnasty odby\u0142a si\u0119 uroczysta Gala Konkursu \u201ePodkarpacka Nagroda Gospodarcza\u201d. Laureaci otrzymali nagrody i wyr\u00f3\u017cnienia w G2A Arena w Jasionce, jednym z laureat\u00f3w by\u0142a firma BRYK, kt\u00f3ra otrzyma\u0142a t\u0119 nagrod\u0119 ju\u017c po raz kolejny.<\/p>\n<p>Celem konkursu jest wy\u0142onienie grupy najlepszych i najaktywniejszych gospodarczo firm naszego regionu, kt\u00f3re dzi\u0119ki osi\u0105ganym wynikom w prowadzonej dzia\u0142alno\u015bci s\u0105 lub mog\u0105 sta\u0107 si\u0119 wzorem dla innych. To r\u00f3wnie\u017c promowanie rozwoju gospodarczego wojew\u00f3dztwa poprzez prezentacj\u0119 firm o najbardziej po\u017c\u0105danym wizerunku gospodarczym. Ju\u017c samo uczestnictwo w konkursie to nobilitacja dla ka\u017cdego z uczestnik\u00f3w poprzez znalezienie si\u0119 w gronie najdynamiczniejszych i najlepiej rozwijaj\u0105cych si\u0119 przedsi\u0119biorstw Podkarpacia.<\/p>\n<p>Dotychczas przeprowadzono szesna\u015bcie edycji konkursu. Wzi\u0119\u0142o w nich udzia\u0142 ponad 1800 przedsi\u0119biorstw, statuetk\u0105 nagrodzono 160 firm, kt\u00f3re dzi\u0119ki pos\u0142ugiwaniu si\u0119 tytu\u0142em laureata &#8222;Podkarpackiej Nagrody Gospodarczej&#8221; promuj\u0105 sw\u00f3j pozytywny wizerunek i ugruntowuj\u0105 pozycj\u0119 na rynku.<\/p>\n<div id='gallery-1' class='gallery galleryid-20 gallery-columns-4 gallery-size-large'><figure class='gallery-item'>\n\t\t\t<div class='gallery-icon portrait'>\n\t\t\t\t<a href='https:\/\/bryk.com.pl\/wp-content\/uploads\/2015\/10\/Newsweek-PNG-2017.jpg'><img fetchpriority=\"high\" decoding=\"async\" width=\"612\" height=\"800\" src=\"https:\/\/bryk.com.pl\/wp-content\/uploads\/2015\/10\/Newsweek-PNG-2017-612x800.jpg\" class=\"attachment-large size-large\" alt=\"Newsweek - PNG 2017\" srcset=\"https:\/\/bryk.com.pl\/wp-content\/uploads\/2015\/10\/Newsweek-PNG-2017-612x800.jpg 612w, https:\/\/bryk.com.pl\/wp-content\/uploads\/2015\/10\/Newsweek-PNG-2017-306x400.jpg 306w, https:\/\/bryk.com.pl\/wp-content\/uploads\/2015\/10\/Newsweek-PNG-2017-768x1004.jpg 768w, https:\/\/bryk.com.pl\/wp-content\/uploads\/2015\/10\/Newsweek-PNG-2017-830x1085.jpg 830w, https:\/\/bryk.com.pl\/wp-content\/uploads\/2015\/10\/Newsweek-PNG-2017-510x667.jpg 510w, https:\/\/bryk.com.pl\/wp-content\/uploads\/2015\/10\/Newsweek-PNG-2017.jpg 1009w\" sizes=\"(max-width: 612px) 100vw, 612px\" \/><\/a>\n\t\t\t<\/div><\/figure><figure class='gallery-item'>\n\t\t\t<div class='gallery-icon landscape'>\n\t\t\t\t<a href='https:\/\/bryk.com.pl\/wp-content\/uploads\/2015\/10\/png-2017-zdjecie-nr-8.jpg'><img decoding=\"async\" width=\"1020\" height=\"678\" src=\"https:\/\/bryk.com.pl\/wp-content\/uploads\/2015\/10\/png-2017-zdjecie-nr-8-1204x800.jpg\" class=\"attachment-large size-large\" alt=\"png 2017 zdjecie nr 8\" srcset=\"https:\/\/bryk.com.pl\/wp-content\/uploads\/2015\/10\/png-2017-zdjecie-nr-8-1204x800.jpg 1204w, https:\/\/bryk.com.pl\/wp-content\/uploads\/2015\/10\/png-2017-zdjecie-nr-8-602x400.jpg 602w, https:\/\/bryk.com.pl\/wp-content\/uploads\/2015\/10\/png-2017-zdjecie-nr-8-768x510.jpg 768w, https:\/\/bryk.com.pl\/wp-content\/uploads\/2015\/10\/png-2017-zdjecie-nr-8-830x551.jpg 830w, https:\/\/bryk.com.pl\/wp-content\/uploads\/2015\/10\/png-2017-zdjecie-nr-8-510x339.jpg 510w\" sizes=\"(max-width: 1020px) 100vw, 1020px\" \/><\/a>\n\t\t\t<\/div><\/figure><figure class='gallery-item'>\n\t\t\t<div class='gallery-icon landscape'>\n\t\t\t\t<a href='https:\/\/bryk.com.pl\/wp-content\/uploads\/2018\/04\/nagroda2-1.png'><img decoding=\"async\" width=\"800\" height=\"800\" src=\"https:\/\/bryk.com.pl\/wp-content\/uploads\/2018\/04\/nagroda2-1-800x800.png\" class=\"attachment-large size-large\" alt=\"nagroda2\" srcset=\"https:\/\/bryk.com.pl\/wp-content\/uploads\/2018\/04\/nagroda2-1-800x800.png 800w, https:\/\/bryk.com.pl\/wp-content\/uploads\/2018\/04\/nagroda2-1-280x280.png 280w, https:\/\/bryk.com.pl\/wp-content\/uploads\/2018\/04\/nagroda2-1-400x400.png 400w, https:\/\/bryk.com.pl\/wp-content\/uploads\/2018\/04\/nagroda2-1-768x768.png 768w, https:\/\/bryk.com.pl\/wp-content\/uploads\/2018\/04\/nagroda2-1-830x830.png 830w, https:\/\/bryk.com.pl\/wp-content\/uploads\/2018\/04\/nagroda2-1-510x510.png 510w, https:\/\/bryk.com.pl\/wp-content\/uploads\/2018\/04\/nagroda2-1-100x100.png 100w, https:\/\/bryk.com.pl\/wp-content\/uploads\/2018\/04\/nagroda2-1.png 1200w\" sizes=\"(max-width: 800px) 100vw, 800px\" \/><\/a>\n\t\t\t<\/div><\/figure>\n\t\t<\/div>\n\n","protected":false},"excerpt":{"rendered":"<p>30 listopada 2017 roku po raz szesnasty odby\u0142a si\u0119 uroczysta Gala Konkursu \u201ePodkarpacka Nagroda Gospodarcza\u201d. Laureaci otrzymali nagrody i wyr\u00f3\u017cnienia w G2A Arena w Jasionce, jednym z laureat\u00f3w by\u0142a firma BRYK, kt\u00f3ra otrzyma\u0142a t\u0119 nagrod\u0119 ju\u017c po raz kolejny. Celem konkursu jest wy\u0142onienie grupy najlepszych i najaktywniejszych gospodarczo firm naszego regionu, kt\u00f3re dzi\u0119ki osi\u0105ganym wynikom [&hellip;]\n","protected":false},"author":24783,"featured_media":1047,"comment_status":"closed","ping_status":"open","sticky":false,"template":"","format":"standard","meta":{"footnotes":""},"categories":[309],"tags":[],"class_list":["post-20","post","type-post","status-publish","format-standard","has-post-thumbnail","hentry","category-aktualnosci"],"yoast_head":"<!-- This site is optimized with the Yoast SEO plugin v24.5 - https:\/\/yoast.com\/wordpress\/plugins\/seo\/ -->\n<title>Docenieni za liderstwo w regionie - BRYK - LEAVE A PRECISE MARK<\/title>\n<meta name=\"robots\" content=\"index, follow, max-snippet:-1, max-image-preview:large, max-video-preview:-1\" \/>\n<link rel=\"canonical\" href=\"https:\/\/bryk.com.pl\/?p=20\" \/>\n<meta property=\"og:locale\" content=\"pl_PL\" \/>\n<meta property=\"og:type\" content=\"article\" \/>\n<meta property=\"og:title\" content=\"Docenieni za liderstwo w regionie - BRYK - LEAVE A PRECISE MARK\" \/>\n<meta property=\"og:description\" content=\"30 listopada 2017 roku po raz szesnasty odby\u0142a si\u0119 uroczysta Gala Konkursu \u201ePodkarpacka Nagroda Gospodarcza\u201d. Laureaci otrzymali nagrody i wyr\u00f3\u017cnienia w G2A Arena w Jasionce, jednym z laureat\u00f3w by\u0142a firma BRYK, kt\u00f3ra otrzyma\u0142a t\u0119 nagrod\u0119 ju\u017c po raz kolejny. Celem konkursu jest wy\u0142onienie grupy najlepszych i najaktywniejszych gospodarczo firm naszego regionu, kt\u00f3re dzi\u0119ki osi\u0105ganym wynikom [&hellip;]\" \/>\n<meta property=\"og:url\" content=\"https:\/\/bryk.com.pl\/?p=20\" \/>\n<meta property=\"og:site_name\" content=\"BRYK - LEAVE A PRECISE MARK\" \/>\n<meta property=\"article:publisher\" content=\"https:\/\/www.facebook.com\/ppuhbryk\/\" \/>\n<meta property=\"article:published_time\" content=\"2018-06-13T17:28:03+00:00\" \/>\n<meta property=\"article:modified_time\" content=\"2020-05-27T13:00:05+00:00\" \/>\n<meta property=\"og:image\" content=\"https:\/\/bryk.com.pl\/wp-content\/uploads\/2015\/10\/W10_7130.jpg\" \/>\n\t<meta property=\"og:image:width\" content=\"2600\" \/>\n\t<meta property=\"og:image:height\" content=\"1727\" \/>\n\t<meta property=\"og:image:type\" content=\"image\/jpeg\" \/>\n<meta name=\"author\" content=\"brykadmin\" \/>\n<meta name=\"twitter:card\" content=\"summary_large_image\" \/>\n<meta name=\"twitter:label1\" content=\"Napisane przez\" \/>\n\t<meta name=\"twitter:data1\" content=\"brykadmin\" \/>\n\t<meta name=\"twitter:label2\" content=\"Szacowany czas czytania\" \/>\n\t<meta name=\"twitter:data2\" content=\"1 minuta\" \/>\n<script type=\"application\/ld+json\" class=\"yoast-schema-graph\">{\"@context\":\"https:\/\/schema.org\",\"@graph\":[{\"@type\":\"WebPage\",\"@id\":\"https:\/\/bryk.com.pl\/?p=20\",\"url\":\"https:\/\/bryk.com.pl\/?p=20\",\"name\":\"Docenieni za liderstwo w regionie - BRYK - LEAVE A PRECISE MARK\",\"isPartOf\":{\"@id\":\"https:\/\/bryk.com.pl\/#website\"},\"primaryImageOfPage\":{\"@id\":\"https:\/\/bryk.com.pl\/?p=20#primaryimage\"},\"image\":{\"@id\":\"https:\/\/bryk.com.pl\/?p=20#primaryimage\"},\"thumbnailUrl\":\"https:\/\/bryk.com.pl\/wp-content\/uploads\/2015\/10\/W10_7130.jpg\",\"datePublished\":\"2018-06-13T17:28:03+00:00\",\"dateModified\":\"2020-05-27T13:00:05+00:00\",\"author\":{\"@id\":\"https:\/\/bryk.com.pl\/#\/schema\/person\/45bb3a591c20f12581dfaccb0ec495ae\"},\"breadcrumb\":{\"@id\":\"https:\/\/bryk.com.pl\/?p=20#breadcrumb\"},\"inLanguage\":\"pl-PL\",\"potentialAction\":[{\"@type\":\"ReadAction\",\"target\":[\"https:\/\/bryk.com.pl\/?p=20\"]}]},{\"@type\":\"ImageObject\",\"inLanguage\":\"pl-PL\",\"@id\":\"https:\/\/bryk.com.pl\/?p=20#primaryimage\",\"url\":\"https:\/\/bryk.com.pl\/wp-content\/uploads\/2015\/10\/W10_7130.jpg\",\"contentUrl\":\"https:\/\/bryk.com.pl\/wp-content\/uploads\/2015\/10\/W10_7130.jpg\",\"width\":2600,\"height\":1727,\"caption\":\"Odbior_nagrody_W.Bryk\"},{\"@type\":\"BreadcrumbList\",\"@id\":\"https:\/\/bryk.com.pl\/?p=20#breadcrumb\",\"itemListElement\":[{\"@type\":\"ListItem\",\"position\":1,\"name\":\"Strona g\u0142\u00f3wna\",\"item\":\"https:\/\/bryk.com.pl\/\"},{\"@type\":\"ListItem\",\"position\":2,\"name\":\"Docenieni za liderstwo w regionie\"}]},{\"@type\":\"WebSite\",\"@id\":\"https:\/\/bryk.com.pl\/#website\",\"url\":\"https:\/\/bryk.com.pl\/\",\"name\":\"BRYK - LEAVE A PRECISE MARK\",\"description\":\"Polski producent narz\u0119dzi\",\"potentialAction\":[{\"@type\":\"SearchAction\",\"target\":{\"@type\":\"EntryPoint\",\"urlTemplate\":\"https:\/\/bryk.com.pl\/?s={search_term_string}\"},\"query-input\":{\"@type\":\"PropertyValueSpecification\",\"valueRequired\":true,\"valueName\":\"search_term_string\"}}],\"inLanguage\":\"pl-PL\"},{\"@type\":\"Person\",\"@id\":\"https:\/\/bryk.com.pl\/#\/schema\/person\/45bb3a591c20f12581dfaccb0ec495ae\",\"name\":\"brykadmin\",\"url\":\"https:\/\/bryk.com.pl\/?author=24783\"}]}<\/script>\n<!-- \/ Yoast SEO plugin. -->","yoast_head_json":{"title":"Docenieni za liderstwo w regionie - BRYK - LEAVE A PRECISE MARK","robots":{"index":"index","follow":"follow","max-snippet":"max-snippet:-1","max-image-preview":"max-image-preview:large","max-video-preview":"max-video-preview:-1"},"canonical":"https:\/\/bryk.com.pl\/?p=20","og_locale":"pl_PL","og_type":"article","og_title":"Docenieni za liderstwo w regionie - BRYK - LEAVE A PRECISE MARK","og_description":"30 listopada 2017 roku po raz szesnasty odby\u0142a si\u0119 uroczysta Gala Konkursu \u201ePodkarpacka Nagroda Gospodarcza\u201d. Laureaci otrzymali nagrody i wyr\u00f3\u017cnienia w G2A Arena w Jasionce, jednym z laureat\u00f3w by\u0142a firma BRYK, kt\u00f3ra otrzyma\u0142a t\u0119 nagrod\u0119 ju\u017c po raz kolejny. Celem konkursu jest wy\u0142onienie grupy najlepszych i najaktywniejszych gospodarczo firm naszego regionu, kt\u00f3re dzi\u0119ki osi\u0105ganym wynikom [&hellip;]","og_url":"https:\/\/bryk.com.pl\/?p=20","og_site_name":"BRYK - LEAVE A PRECISE MARK","article_publisher":"https:\/\/www.facebook.com\/ppuhbryk\/","article_published_time":"2018-06-13T17:28:03+00:00","article_modified_time":"2020-05-27T13:00:05+00:00","og_image":[{"width":2600,"height":1727,"url":"https:\/\/bryk.com.pl\/wp-content\/uploads\/2015\/10\/W10_7130.jpg","type":"image\/jpeg"}],"author":"brykadmin","twitter_card":"summary_large_image","twitter_misc":{"Napisane przez":"brykadmin","Szacowany czas czytania":"1 minuta"},"schema":{"@context":"https:\/\/schema.org","@graph":[{"@type":"WebPage","@id":"https:\/\/bryk.com.pl\/?p=20","url":"https:\/\/bryk.com.pl\/?p=20","name":"Docenieni za liderstwo w regionie - BRYK - LEAVE A PRECISE MARK","isPartOf":{"@id":"https:\/\/bryk.com.pl\/#website"},"primaryImageOfPage":{"@id":"https:\/\/bryk.com.pl\/?p=20#primaryimage"},"image":{"@id":"https:\/\/bryk.com.pl\/?p=20#primaryimage"},"thumbnailUrl":"https:\/\/bryk.com.pl\/wp-content\/uploads\/2015\/10\/W10_7130.jpg","datePublished":"2018-06-13T17:28:03+00:00","dateModified":"2020-05-27T13:00:05+00:00","author":{"@id":"https:\/\/bryk.com.pl\/#\/schema\/person\/45bb3a591c20f12581dfaccb0ec495ae"},"breadcrumb":{"@id":"https:\/\/bryk.com.pl\/?p=20#breadcrumb"},"inLanguage":"pl-PL","potentialAction":[{"@type":"ReadAction","target":["https:\/\/bryk.com.pl\/?p=20"]}]},{"@type":"ImageObject","inLanguage":"pl-PL","@id":"https:\/\/bryk.com.pl\/?p=20#primaryimage","url":"https:\/\/bryk.com.pl\/wp-content\/uploads\/2015\/10\/W10_7130.jpg","contentUrl":"https:\/\/bryk.com.pl\/wp-content\/uploads\/2015\/10\/W10_7130.jpg","width":2600,"height":1727,"caption":"Odbior_nagrody_W.Bryk"},{"@type":"BreadcrumbList","@id":"https:\/\/bryk.com.pl\/?p=20#breadcrumb","itemListElement":[{"@type":"ListItem","position":1,"name":"Strona g\u0142\u00f3wna","item":"https:\/\/bryk.com.pl\/"},{"@type":"ListItem","position":2,"name":"Docenieni za liderstwo w regionie"}]},{"@type":"WebSite","@id":"https:\/\/bryk.com.pl\/#website","url":"https:\/\/bryk.com.pl\/","name":"BRYK - LEAVE A PRECISE MARK","description":"Polski producent narz\u0119dzi","potentialAction":[{"@type":"SearchAction","target":{"@type":"EntryPoint","urlTemplate":"https:\/\/bryk.com.pl\/?s={search_term_string}"},"query-input":{"@type":"PropertyValueSpecification","valueRequired":true,"valueName":"search_term_string"}}],"inLanguage":"pl-PL"},{"@type":"Person","@id":"https:\/\/bryk.com.pl\/#\/schema\/person\/45bb3a591c20f12581dfaccb0ec495ae","name":"brykadmin","url":"https:\/\/bryk.com.pl\/?author=24783"}]}},"_links":{"self":[{"href":"https:\/\/bryk.com.pl\/index.php?rest_route=\/wp\/v2\/posts\/20","targetHints":{"allow":["GET"]}}],"collection":[{"href":"https:\/\/bryk.com.pl\/index.php?rest_route=\/wp\/v2\/posts"}],"about":[{"href":"https:\/\/bryk.com.pl\/index.php?rest_route=\/wp\/v2\/types\/post"}],"author":[{"embeddable":true,"href":"https:\/\/bryk.com.pl\/index.php?rest_route=\/wp\/v2\/users\/24783"}],"replies":[{"embeddable":true,"href":"https:\/\/bryk.com.pl\/index.php?rest_route=%2Fwp%2Fv2%2Fcomments&post=20"}],"version-history":[{"count":21,"href":"https:\/\/bryk.com.pl\/index.php?rest_route=\/wp\/v2\/posts\/20\/revisions"}],"predecessor-version":[{"id":2676,"href":"https:\/\/bryk.com.pl\/index.php?rest_route=\/wp\/v2\/posts\/20\/revisions\/2676"}],"wp:featuredmedia":[{"embeddable":true,"href":"https:\/\/bryk.com.pl\/index.php?rest_route=\/wp\/v2\/media\/1047"}],"wp:attachment":[{"href":"https:\/\/bryk.com.pl\/index.php?rest_route=%2Fwp%2Fv2%2Fmedia&parent=20"}],"wp:term":[{"taxonomy":"category","embeddable":true,"href":"https:\/\/bryk.com.pl\/index.php?rest_route=%2Fwp%2Fv2%2Fcategories&post=20"},{"taxonomy":"post_tag","embeddable":true,"href":"https:\/\/bryk.com.pl\/index.php?rest_route=%2Fwp%2Fv2%2Ftags&post=20"}],"curies":[{"name":"wp","href":"https:\/\/api.w.org\/{rel}","templated":true}]}}