{"id":2999,"date":"2018-09-27T10:03:18","date_gmt":"2018-09-27T08:03:18","guid":{"rendered":"https:\/\/bryk.com.pl\/?p=2999"},"modified":"2023-02-08T14:02:15","modified_gmt":"2023-02-08T13:02:15","slug":"targi_drema_2018-2","status":"publish","type":"post","link":"https:\/\/bryk.com.pl?p=2999","title":{"rendered":"Targi DREMA 2018"},"content":{"rendered":"<p>Ju\u017c po raz kolejny, w dniach 11-14 wrze\u015bnia, uczestniczyli\u015bmy w targach pozna\u0144skich Drema 2018.<\/p>\n<p><img fetchpriority=\"high\" decoding=\"async\" class=\"size-full wp-image-3000 aligncenter\" src=\"https:\/\/bryk.com.pl\/wp-content\/uploads\/2018\/09\/Drema_2018_logo.jpg\" alt=\"\" width=\"766\" height=\"187\" srcset=\"https:\/\/bryk.com.pl\/wp-content\/uploads\/2018\/09\/Drema_2018_logo.jpg 766w, https:\/\/bryk.com.pl\/wp-content\/uploads\/2018\/09\/Drema_2018_logo-510x125.jpg 510w\" sizes=\"(max-width: 766px) 100vw, 766px\" \/><br \/>\nTargi te staj\u0105 si\u0119 coraz bardziej presti\u017cow\u0105 imprez\u0105 na skal\u0119 \u015bwiatow\u0105.<br \/>\nJako firma zajmuj\u0105ca si\u0119 mi\u0119dzy innymi produkcj\u0105 narz\u0119dzi do obr\u00f3bki drewna, zaprezentowali\u015bmy w tym roku nasze najnowsze autorskie rozwi\u0105zania. Udzia\u0142 w targach by\u0142 tak\u017ce doskona\u0142\u0105 okazja do dyskusji, wymiany opinii oraz do\u015bwiadcze\u0144.<\/p>\n<p>Dzi\u0119kujemy wszystkim za odwiedzenie naszego stoiska.<\/p>\n<div id='gallery-1' class='gallery galleryid-2999 gallery-columns-3 gallery-size-medium'><figure class='gallery-item'>\n\t\t\t<div class='gallery-icon landscape'>\n\t\t\t\t<a href='https:\/\/bryk.com.pl\/wp-content\/uploads\/2018\/09\/Drema_2018_3.jpg'><img decoding=\"async\" width=\"537\" height=\"400\" src=\"https:\/\/bryk.com.pl\/wp-content\/uploads\/2018\/09\/Drema_2018_3-537x400.jpg\" class=\"attachment-medium size-medium\" alt=\"Bryk drema\" srcset=\"https:\/\/bryk.com.pl\/wp-content\/uploads\/2018\/09\/Drema_2018_3-537x400.jpg 537w, https:\/\/bryk.com.pl\/wp-content\/uploads\/2018\/09\/Drema_2018_3-768x572.jpg 768w, https:\/\/bryk.com.pl\/wp-content\/uploads\/2018\/09\/Drema_2018_3-1074x800.jpg 1074w, https:\/\/bryk.com.pl\/wp-content\/uploads\/2018\/09\/Drema_2018_3-830x618.jpg 830w, https:\/\/bryk.com.pl\/wp-content\/uploads\/2018\/09\/Drema_2018_3-510x380.jpg 510w, https:\/\/bryk.com.pl\/wp-content\/uploads\/2018\/09\/Drema_2018_3.jpg 1200w\" sizes=\"(max-width: 537px) 100vw, 537px\" \/><\/a>\n\t\t\t<\/div><\/figure><figure class='gallery-item'>\n\t\t\t<div class='gallery-icon landscape'>\n\t\t\t\t<a href='https:\/\/bryk.com.pl\/wp-content\/uploads\/2018\/09\/Drema_2018_2.jpg'><img decoding=\"async\" width=\"533\" height=\"400\" src=\"https:\/\/bryk.com.pl\/wp-content\/uploads\/2018\/09\/Drema_2018_2-533x400.jpg\" class=\"attachment-medium size-medium\" alt=\"Bryk Drema\" srcset=\"https:\/\/bryk.com.pl\/wp-content\/uploads\/2018\/09\/Drema_2018_2-533x400.jpg 533w, https:\/\/bryk.com.pl\/wp-content\/uploads\/2018\/09\/Drema_2018_2-768x576.jpg 768w, https:\/\/bryk.com.pl\/wp-content\/uploads\/2018\/09\/Drema_2018_2-1067x800.jpg 1067w, https:\/\/bryk.com.pl\/wp-content\/uploads\/2018\/09\/Drema_2018_2-830x623.jpg 830w, https:\/\/bryk.com.pl\/wp-content\/uploads\/2018\/09\/Drema_2018_2-510x383.jpg 510w, https:\/\/bryk.com.pl\/wp-content\/uploads\/2018\/09\/Drema_2018_2.jpg 1200w\" sizes=\"(max-width: 533px) 100vw, 533px\" \/><\/a>\n\t\t\t<\/div><\/figure><figure class='gallery-item'>\n\t\t\t<div class='gallery-icon landscape'>\n\t\t\t\t<a href='https:\/\/bryk.com.pl\/wp-content\/uploads\/2018\/09\/Drema_2018_4.jpg'><img loading=\"lazy\" decoding=\"async\" width=\"533\" height=\"400\" src=\"https:\/\/bryk.com.pl\/wp-content\/uploads\/2018\/09\/Drema_2018_4-533x400.jpg\" class=\"attachment-medium size-medium\" alt=\"do frezowania o profilu k\u0105towym\" srcset=\"https:\/\/bryk.com.pl\/wp-content\/uploads\/2018\/09\/Drema_2018_4-533x400.jpg 533w, https:\/\/bryk.com.pl\/wp-content\/uploads\/2018\/09\/Drema_2018_4-768x576.jpg 768w, https:\/\/bryk.com.pl\/wp-content\/uploads\/2018\/09\/Drema_2018_4-1067x800.jpg 1067w, https:\/\/bryk.com.pl\/wp-content\/uploads\/2018\/09\/Drema_2018_4-830x623.jpg 830w, https:\/\/bryk.com.pl\/wp-content\/uploads\/2018\/09\/Drema_2018_4-510x383.jpg 510w, https:\/\/bryk.com.pl\/wp-content\/uploads\/2018\/09\/Drema_2018_4.jpg 1200w\" sizes=\"(max-width: 533px) 100vw, 533px\" \/><\/a>\n\t\t\t<\/div><\/figure><figure class='gallery-item'>\n\t\t\t<div class='gallery-icon landscape'>\n\t\t\t\t<a href='https:\/\/bryk.com.pl\/wp-content\/uploads\/2018\/09\/Drema_2018_5.jpg'><img loading=\"lazy\" decoding=\"async\" width=\"533\" height=\"400\" src=\"https:\/\/bryk.com.pl\/wp-content\/uploads\/2018\/09\/Drema_2018_5-533x400.jpg\" class=\"attachment-medium size-medium\" alt=\"do drewna pi\u0142a\" srcset=\"https:\/\/bryk.com.pl\/wp-content\/uploads\/2018\/09\/Drema_2018_5-533x400.jpg 533w, https:\/\/bryk.com.pl\/wp-content\/uploads\/2018\/09\/Drema_2018_5-768x576.jpg 768w, https:\/\/bryk.com.pl\/wp-content\/uploads\/2018\/09\/Drema_2018_5-1067x800.jpg 1067w, https:\/\/bryk.com.pl\/wp-content\/uploads\/2018\/09\/Drema_2018_5-830x623.jpg 830w, https:\/\/bryk.com.pl\/wp-content\/uploads\/2018\/09\/Drema_2018_5-510x383.jpg 510w, https:\/\/bryk.com.pl\/wp-content\/uploads\/2018\/09\/Drema_2018_5.jpg 1200w\" sizes=\"(max-width: 533px) 100vw, 533px\" \/><\/a>\n\t\t\t<\/div><\/figure><figure class='gallery-item'>\n\t\t\t<div class='gallery-icon landscape'>\n\t\t\t\t<a href='https:\/\/bryk.com.pl\/wp-content\/uploads\/2018\/09\/Drema_2018_6.jpg'><img loading=\"lazy\" decoding=\"async\" width=\"533\" height=\"400\" src=\"https:\/\/bryk.com.pl\/wp-content\/uploads\/2018\/09\/Drema_2018_6-533x400.jpg\" class=\"attachment-medium size-medium\" alt=\"narz\u0119dzia Bryk\" srcset=\"https:\/\/bryk.com.pl\/wp-content\/uploads\/2018\/09\/Drema_2018_6-533x400.jpg 533w, https:\/\/bryk.com.pl\/wp-content\/uploads\/2018\/09\/Drema_2018_6-768x576.jpg 768w, https:\/\/bryk.com.pl\/wp-content\/uploads\/2018\/09\/Drema_2018_6-1067x800.jpg 1067w, https:\/\/bryk.com.pl\/wp-content\/uploads\/2018\/09\/Drema_2018_6-830x623.jpg 830w, https:\/\/bryk.com.pl\/wp-content\/uploads\/2018\/09\/Drema_2018_6-510x383.jpg 510w, https:\/\/bryk.com.pl\/wp-content\/uploads\/2018\/09\/Drema_2018_6.jpg 1200w\" sizes=\"(max-width: 533px) 100vw, 533px\" \/><\/a>\n\t\t\t<\/div><\/figure><figure class='gallery-item'>\n\t\t\t<div class='gallery-icon landscape'>\n\t\t\t\t<a href='https:\/\/bryk.com.pl\/wp-content\/uploads\/2018\/09\/Drema_2018.jpg'><img loading=\"lazy\" decoding=\"async\" width=\"533\" height=\"400\" src=\"https:\/\/bryk.com.pl\/wp-content\/uploads\/2018\/09\/Drema_2018-533x400.jpg\" class=\"attachment-medium size-medium\" alt=\"Bryk Drema\" srcset=\"https:\/\/bryk.com.pl\/wp-content\/uploads\/2018\/09\/Drema_2018-533x400.jpg 533w, https:\/\/bryk.com.pl\/wp-content\/uploads\/2018\/09\/Drema_2018-768x576.jpg 768w, https:\/\/bryk.com.pl\/wp-content\/uploads\/2018\/09\/Drema_2018-1067x800.jpg 1067w, https:\/\/bryk.com.pl\/wp-content\/uploads\/2018\/09\/Drema_2018-830x623.jpg 830w, https:\/\/bryk.com.pl\/wp-content\/uploads\/2018\/09\/Drema_2018-510x383.jpg 510w, https:\/\/bryk.com.pl\/wp-content\/uploads\/2018\/09\/Drema_2018.jpg 1200w\" sizes=\"(max-width: 533px) 100vw, 533px\" \/><\/a>\n\t\t\t<\/div><\/figure>\n\t\t<\/div>\n\n","protected":false},"excerpt":{"rendered":"<p>Ju\u017c po raz kolejny, w dniach 11-14 wrze\u015bnia, uczestniczyli\u015bmy w targach pozna\u0144skich Drema 2018. Targi te staj\u0105 si\u0119 coraz bardziej presti\u017cow\u0105 imprez\u0105 na skal\u0119 \u015bwiatow\u0105. Jako firma zajmuj\u0105ca si\u0119 mi\u0119dzy innymi produkcj\u0105 narz\u0119dzi do obr\u00f3bki drewna, zaprezentowali\u015bmy w tym roku nasze najnowsze autorskie rozwi\u0105zania. Udzia\u0142 w targach by\u0142 tak\u017ce doskona\u0142\u0105 okazja do dyskusji, wymiany opinii [&hellip;]\n","protected":false},"author":24783,"featured_media":3003,"comment_status":"closed","ping_status":"closed","sticky":false,"template":"","format":"standard","meta":{"footnotes":""},"categories":[1],"tags":[],"class_list":["post-2999","post","type-post","status-publish","format-standard","has-post-thumbnail","hentry","category-bez-kategorii"],"yoast_head":"<!-- This site is optimized with the Yoast SEO plugin v24.5 - https:\/\/yoast.com\/wordpress\/plugins\/seo\/ -->\n<title>Targi DREMA 2018 - BRYK - LEAVE A PRECISE MARK<\/title>\n<meta name=\"robots\" content=\"index, follow, max-snippet:-1, max-image-preview:large, max-video-preview:-1\" \/>\n<link rel=\"canonical\" href=\"https:\/\/bryk.com.pl\/?p=2999\" \/>\n<meta property=\"og:locale\" content=\"pl_PL\" \/>\n<meta property=\"og:type\" content=\"article\" \/>\n<meta property=\"og:title\" content=\"Targi DREMA 2018 - BRYK - LEAVE A PRECISE MARK\" \/>\n<meta property=\"og:description\" content=\"Ju\u017c po raz kolejny, w dniach 11-14 wrze\u015bnia, uczestniczyli\u015bmy w targach pozna\u0144skich Drema 2018. Targi te staj\u0105 si\u0119 coraz bardziej presti\u017cow\u0105 imprez\u0105 na skal\u0119 \u015bwiatow\u0105. Jako firma zajmuj\u0105ca si\u0119 mi\u0119dzy innymi produkcj\u0105 narz\u0119dzi do obr\u00f3bki drewna, zaprezentowali\u015bmy w tym roku nasze najnowsze autorskie rozwi\u0105zania. Udzia\u0142 w targach by\u0142 tak\u017ce doskona\u0142\u0105 okazja do dyskusji, wymiany opinii [&hellip;]\" \/>\n<meta property=\"og:url\" content=\"https:\/\/bryk.com.pl\/?p=2999\" \/>\n<meta property=\"og:site_name\" content=\"BRYK - LEAVE A PRECISE MARK\" \/>\n<meta property=\"article:publisher\" content=\"https:\/\/www.facebook.com\/ppuhbryk\/\" \/>\n<meta property=\"article:published_time\" content=\"2018-09-27T08:03:18+00:00\" \/>\n<meta property=\"article:modified_time\" content=\"2023-02-08T13:02:15+00:00\" \/>\n<meta property=\"og:image\" content=\"https:\/\/bryk.com.pl\/wp-content\/uploads\/2018\/09\/Drema_2018_1.jpg\" \/>\n\t<meta property=\"og:image:width\" content=\"1200\" \/>\n\t<meta property=\"og:image:height\" content=\"900\" \/>\n\t<meta property=\"og:image:type\" content=\"image\/jpeg\" \/>\n<meta name=\"author\" content=\"brykadmin\" \/>\n<meta name=\"twitter:card\" content=\"summary_large_image\" \/>\n<meta name=\"twitter:label1\" content=\"Napisane przez\" \/>\n\t<meta name=\"twitter:data1\" content=\"brykadmin\" \/>\n<script type=\"application\/ld+json\" class=\"yoast-schema-graph\">{\"@context\":\"https:\/\/schema.org\",\"@graph\":[{\"@type\":\"WebPage\",\"@id\":\"https:\/\/bryk.com.pl\/?p=2999\",\"url\":\"https:\/\/bryk.com.pl\/?p=2999\",\"name\":\"Targi DREMA 2018 - BRYK - LEAVE A PRECISE MARK\",\"isPartOf\":{\"@id\":\"https:\/\/bryk.com.pl\/#website\"},\"primaryImageOfPage\":{\"@id\":\"https:\/\/bryk.com.pl\/?p=2999#primaryimage\"},\"image\":{\"@id\":\"https:\/\/bryk.com.pl\/?p=2999#primaryimage\"},\"thumbnailUrl\":\"https:\/\/bryk.com.pl\/wp-content\/uploads\/2018\/09\/Drema_2018_1.jpg\",\"datePublished\":\"2018-09-27T08:03:18+00:00\",\"dateModified\":\"2023-02-08T13:02:15+00:00\",\"author\":{\"@id\":\"https:\/\/bryk.com.pl\/#\/schema\/person\/45bb3a591c20f12581dfaccb0ec495ae\"},\"breadcrumb\":{\"@id\":\"https:\/\/bryk.com.pl\/?p=2999#breadcrumb\"},\"inLanguage\":\"pl-PL\",\"potentialAction\":[{\"@type\":\"ReadAction\",\"target\":[\"https:\/\/bryk.com.pl\/?p=2999\"]}]},{\"@type\":\"ImageObject\",\"inLanguage\":\"pl-PL\",\"@id\":\"https:\/\/bryk.com.pl\/?p=2999#primaryimage\",\"url\":\"https:\/\/bryk.com.pl\/wp-content\/uploads\/2018\/09\/Drema_2018_1.jpg\",\"contentUrl\":\"https:\/\/bryk.com.pl\/wp-content\/uploads\/2018\/09\/Drema_2018_1.jpg\",\"width\":1200,\"height\":900,\"caption\":\"Bryk drema\"},{\"@type\":\"BreadcrumbList\",\"@id\":\"https:\/\/bryk.com.pl\/?p=2999#breadcrumb\",\"itemListElement\":[{\"@type\":\"ListItem\",\"position\":1,\"name\":\"Strona g\u0142\u00f3wna\",\"item\":\"https:\/\/bryk.com.pl\/\"},{\"@type\":\"ListItem\",\"position\":2,\"name\":\"Targi DREMA 2018\"}]},{\"@type\":\"WebSite\",\"@id\":\"https:\/\/bryk.com.pl\/#website\",\"url\":\"https:\/\/bryk.com.pl\/\",\"name\":\"BRYK - LEAVE A PRECISE MARK\",\"description\":\"Polski producent narz\u0119dzi\",\"potentialAction\":[{\"@type\":\"SearchAction\",\"target\":{\"@type\":\"EntryPoint\",\"urlTemplate\":\"https:\/\/bryk.com.pl\/?s={search_term_string}\"},\"query-input\":{\"@type\":\"PropertyValueSpecification\",\"valueRequired\":true,\"valueName\":\"search_term_string\"}}],\"inLanguage\":\"pl-PL\"},{\"@type\":\"Person\",\"@id\":\"https:\/\/bryk.com.pl\/#\/schema\/person\/45bb3a591c20f12581dfaccb0ec495ae\",\"name\":\"brykadmin\",\"url\":\"https:\/\/bryk.com.pl\/?author=24783\"}]}<\/script>\n<!-- \/ Yoast SEO plugin. -->","yoast_head_json":{"title":"Targi DREMA 2018 - BRYK - LEAVE A PRECISE MARK","robots":{"index":"index","follow":"follow","max-snippet":"max-snippet:-1","max-image-preview":"max-image-preview:large","max-video-preview":"max-video-preview:-1"},"canonical":"https:\/\/bryk.com.pl\/?p=2999","og_locale":"pl_PL","og_type":"article","og_title":"Targi DREMA 2018 - BRYK - LEAVE A PRECISE MARK","og_description":"Ju\u017c po raz kolejny, w dniach 11-14 wrze\u015bnia, uczestniczyli\u015bmy w targach pozna\u0144skich Drema 2018. Targi te staj\u0105 si\u0119 coraz bardziej presti\u017cow\u0105 imprez\u0105 na skal\u0119 \u015bwiatow\u0105. Jako firma zajmuj\u0105ca si\u0119 mi\u0119dzy innymi produkcj\u0105 narz\u0119dzi do obr\u00f3bki drewna, zaprezentowali\u015bmy w tym roku nasze najnowsze autorskie rozwi\u0105zania. Udzia\u0142 w targach by\u0142 tak\u017ce doskona\u0142\u0105 okazja do dyskusji, wymiany opinii [&hellip;]","og_url":"https:\/\/bryk.com.pl\/?p=2999","og_site_name":"BRYK - LEAVE A PRECISE MARK","article_publisher":"https:\/\/www.facebook.com\/ppuhbryk\/","article_published_time":"2018-09-27T08:03:18+00:00","article_modified_time":"2023-02-08T13:02:15+00:00","og_image":[{"width":1200,"height":900,"url":"https:\/\/bryk.com.pl\/wp-content\/uploads\/2018\/09\/Drema_2018_1.jpg","type":"image\/jpeg"}],"author":"brykadmin","twitter_card":"summary_large_image","twitter_misc":{"Napisane przez":"brykadmin"},"schema":{"@context":"https:\/\/schema.org","@graph":[{"@type":"WebPage","@id":"https:\/\/bryk.com.pl\/?p=2999","url":"https:\/\/bryk.com.pl\/?p=2999","name":"Targi DREMA 2018 - BRYK - LEAVE A PRECISE MARK","isPartOf":{"@id":"https:\/\/bryk.com.pl\/#website"},"primaryImageOfPage":{"@id":"https:\/\/bryk.com.pl\/?p=2999#primaryimage"},"image":{"@id":"https:\/\/bryk.com.pl\/?p=2999#primaryimage"},"thumbnailUrl":"https:\/\/bryk.com.pl\/wp-content\/uploads\/2018\/09\/Drema_2018_1.jpg","datePublished":"2018-09-27T08:03:18+00:00","dateModified":"2023-02-08T13:02:15+00:00","author":{"@id":"https:\/\/bryk.com.pl\/#\/schema\/person\/45bb3a591c20f12581dfaccb0ec495ae"},"breadcrumb":{"@id":"https:\/\/bryk.com.pl\/?p=2999#breadcrumb"},"inLanguage":"pl-PL","potentialAction":[{"@type":"ReadAction","target":["https:\/\/bryk.com.pl\/?p=2999"]}]},{"@type":"ImageObject","inLanguage":"pl-PL","@id":"https:\/\/bryk.com.pl\/?p=2999#primaryimage","url":"https:\/\/bryk.com.pl\/wp-content\/uploads\/2018\/09\/Drema_2018_1.jpg","contentUrl":"https:\/\/bryk.com.pl\/wp-content\/uploads\/2018\/09\/Drema_2018_1.jpg","width":1200,"height":900,"caption":"Bryk drema"},{"@type":"BreadcrumbList","@id":"https:\/\/bryk.com.pl\/?p=2999#breadcrumb","itemListElement":[{"@type":"ListItem","position":1,"name":"Strona g\u0142\u00f3wna","item":"https:\/\/bryk.com.pl\/"},{"@type":"ListItem","position":2,"name":"Targi DREMA 2018"}]},{"@type":"WebSite","@id":"https:\/\/bryk.com.pl\/#website","url":"https:\/\/bryk.com.pl\/","name":"BRYK - LEAVE A PRECISE MARK","description":"Polski producent narz\u0119dzi","potentialAction":[{"@type":"SearchAction","target":{"@type":"EntryPoint","urlTemplate":"https:\/\/bryk.com.pl\/?s={search_term_string}"},"query-input":{"@type":"PropertyValueSpecification","valueRequired":true,"valueName":"search_term_string"}}],"inLanguage":"pl-PL"},{"@type":"Person","@id":"https:\/\/bryk.com.pl\/#\/schema\/person\/45bb3a591c20f12581dfaccb0ec495ae","name":"brykadmin","url":"https:\/\/bryk.com.pl\/?author=24783"}]}},"_links":{"self":[{"href":"https:\/\/bryk.com.pl\/index.php?rest_route=\/wp\/v2\/posts\/2999","targetHints":{"allow":["GET"]}}],"collection":[{"href":"https:\/\/bryk.com.pl\/index.php?rest_route=\/wp\/v2\/posts"}],"about":[{"href":"https:\/\/bryk.com.pl\/index.php?rest_route=\/wp\/v2\/types\/post"}],"author":[{"embeddable":true,"href":"https:\/\/bryk.com.pl\/index.php?rest_route=\/wp\/v2\/users\/24783"}],"replies":[{"embeddable":true,"href":"https:\/\/bryk.com.pl\/index.php?rest_route=%2Fwp%2Fv2%2Fcomments&post=2999"}],"version-history":[{"count":12,"href":"https:\/\/bryk.com.pl\/index.php?rest_route=\/wp\/v2\/posts\/2999\/revisions"}],"predecessor-version":[{"id":49791,"href":"https:\/\/bryk.com.pl\/index.php?rest_route=\/wp\/v2\/posts\/2999\/revisions\/49791"}],"wp:featuredmedia":[{"embeddable":true,"href":"https:\/\/bryk.com.pl\/index.php?rest_route=\/wp\/v2\/media\/3003"}],"wp:attachment":[{"href":"https:\/\/bryk.com.pl\/index.php?rest_route=%2Fwp%2Fv2%2Fmedia&parent=2999"}],"wp:term":[{"taxonomy":"category","embeddable":true,"href":"https:\/\/bryk.com.pl\/index.php?rest_route=%2Fwp%2Fv2%2Fcategories&post=2999"},{"taxonomy":"post_tag","embeddable":true,"href":"https:\/\/bryk.com.pl\/index.php?rest_route=%2Fwp%2Fv2%2Ftags&post=2999"}],"curies":[{"name":"wp","href":"https:\/\/api.w.org\/{rel}","templated":true}]}}