{"id":3584,"date":"2019-11-02T11:44:23","date_gmt":"2019-11-02T10:44:23","guid":{"rendered":"https:\/\/bryk.com.pl\/?p=3584"},"modified":"2023-02-08T13:47:21","modified_gmt":"2023-02-08T12:47:21","slug":"kongres-590-nagroda-gospodarcza","status":"publish","type":"post","link":"https:\/\/bryk.com.pl?p=3584","title":{"rendered":"Nominacja do Nagrody Gospodarczej Prezydenta RP."},"content":{"rendered":"<div>\n<p>W dniach 7-8 pa\u017adziernika 2019r. w Jasionce k. Rzeszowa odby\u0142 si\u0119 Kongres 590. Jest to spotkanie lider\u00f3w biznesu, nauki i opinii publicznej. Tym bardziej wyj\u0105tkowe, \u017ce patronuj\u0105 mu i wspieraj\u0105 najwa\u017cniejsze instytucje pa\u0144stwa polskiego, z Prezydentem RP i Prezesem Rady Ministr\u00f3w na czele. W tym roku 21 przedsi\u0119biorstw zosta\u0142o nominowanych do Nagrody Gospodarczej Prezydenta RP, w tym firma BRYK. Na tegorocznej Gali Kongresu 590 odby\u0142o si\u0119 uroczyste og\u0142oszenie laureat\u00f3w oraz wr\u0119czenie statuetek przez Prezydenta Andrzeja Dud\u0119. Nagroda Gospodarcza przyznawana jest ka\u017cdego roku przez Prezydenta. Jest to wyr\u00f3\u017cnienie dla firm, kt\u00f3re znacz\u0105co wp\u0142ywaj\u0105 na rozw\u00f3j polskiej gospodarki i buduj\u0105 jej wizerunek na arenie mi\u0119dzynarodowej. Mi\u0142o nam poinformowa\u0107, \u017ce firma BRYK zosta\u0142a nominowana w kategorii Lider M\u015aP.<\/p>\n<p>To dla nas szczeg\u00f3lne wyr\u00f3\u017cnienie stan\u0105\u0107 obok najwi\u0119kszych przedsi\u0119biorstw polskich, kt\u00f3rych dzia\u0142alno\u015b\u0107 rozwija si\u0119 na skal\u0119 mi\u0119dzynarodow\u0105. Firma BRYK jest zbudowana na kapitale polskim, w oparciu o dystrybucj\u0119 w wi\u0119kszo\u015bci na rynku polskim. I tym bardziej czujemy si\u0119 zaszczyceni i docenieni t\u0105 nobilitacj\u0105.<\/p>\n<p>Podczas II dnia Kongresu i wyst\u0105pienia premiera Morawieckiego oraz panelu dyskusyjnego wyczuwalny by\u0142 nacisk na promocj\u0119 polskich producent\u00f3w. Jeste\u015bmy zgodni co do dalszych dzia\u0142a\u0144 w tym zakresie i otwarci na nowe kana\u0142y dystrybucji. Pami\u0119tajmy, \u017ce jeste\u015bmy cz\u0119\u015bci\u0105 tej ca\u0142ej akcji. Promuj\u0105c polsk\u0105 produkcj\u0119 mamy wp\u0142yw na wzrost gospodarczy. Dobre, bo Polskie!<\/p>\n<\/div>\n<div><\/div>\n<p>&nbsp;<\/p>\n<div><\/div>\n<div id='gallery-1' class='gallery galleryid-3584 gallery-columns-3 gallery-size-large'><figure class='gallery-item'>\n\t\t\t<div class='gallery-icon portrait'>\n\t\t\t\t<a href='https:\/\/bryk.com.pl\/wp-content\/uploads\/2019\/11\/kongres_590_2.jpg'><img fetchpriority=\"high\" decoding=\"async\" width=\"600\" height=\"800\" src=\"https:\/\/bryk.com.pl\/wp-content\/uploads\/2019\/11\/kongres_590_2-600x800.jpg\" class=\"attachment-large size-large\" alt=\"kongres6\" srcset=\"https:\/\/bryk.com.pl\/wp-content\/uploads\/2019\/11\/kongres_590_2-600x800.jpg 600w, https:\/\/bryk.com.pl\/wp-content\/uploads\/2019\/11\/kongres_590_2-300x400.jpg 300w, https:\/\/bryk.com.pl\/wp-content\/uploads\/2019\/11\/kongres_590_2-510x680.jpg 510w, https:\/\/bryk.com.pl\/wp-content\/uploads\/2019\/11\/kongres_590_2.jpg 750w\" sizes=\"(max-width: 600px) 100vw, 600px\" \/><\/a>\n\t\t\t<\/div><\/figure><figure class='gallery-item'>\n\t\t\t<div class='gallery-icon portrait'>\n\t\t\t\t<a href='https:\/\/bryk.com.pl\/wp-content\/uploads\/2019\/11\/kongres_590_5.jpg'><img decoding=\"async\" width=\"600\" height=\"800\" src=\"https:\/\/bryk.com.pl\/wp-content\/uploads\/2019\/11\/kongres_590_5-600x800.jpg\" class=\"attachment-large size-large\" alt=\"kongres5\" srcset=\"https:\/\/bryk.com.pl\/wp-content\/uploads\/2019\/11\/kongres_590_5-600x800.jpg 600w, https:\/\/bryk.com.pl\/wp-content\/uploads\/2019\/11\/kongres_590_5-300x400.jpg 300w, https:\/\/bryk.com.pl\/wp-content\/uploads\/2019\/11\/kongres_590_5-510x680.jpg 510w, https:\/\/bryk.com.pl\/wp-content\/uploads\/2019\/11\/kongres_590_5.jpg 750w\" sizes=\"(max-width: 600px) 100vw, 600px\" \/><\/a>\n\t\t\t<\/div><\/figure><figure class='gallery-item'>\n\t\t\t<div class='gallery-icon portrait'>\n\t\t\t\t<a href='https:\/\/bryk.com.pl\/wp-content\/uploads\/2019\/11\/kongres_590_6.jpg'><img decoding=\"async\" width=\"600\" height=\"800\" src=\"https:\/\/bryk.com.pl\/wp-content\/uploads\/2019\/11\/kongres_590_6-600x800.jpg\" class=\"attachment-large size-large\" alt=\"kongres4\" srcset=\"https:\/\/bryk.com.pl\/wp-content\/uploads\/2019\/11\/kongres_590_6-600x800.jpg 600w, https:\/\/bryk.com.pl\/wp-content\/uploads\/2019\/11\/kongres_590_6-300x400.jpg 300w, https:\/\/bryk.com.pl\/wp-content\/uploads\/2019\/11\/kongres_590_6-510x680.jpg 510w, https:\/\/bryk.com.pl\/wp-content\/uploads\/2019\/11\/kongres_590_6.jpg 750w\" sizes=\"(max-width: 600px) 100vw, 600px\" \/><\/a>\n\t\t\t<\/div><\/figure><figure class='gallery-item'>\n\t\t\t<div class='gallery-icon landscape'>\n\t\t\t\t<a href='https:\/\/bryk.com.pl\/wp-content\/uploads\/2019\/11\/kongres_590_7.jpg'><img loading=\"lazy\" decoding=\"async\" width=\"1000\" height=\"750\" src=\"https:\/\/bryk.com.pl\/wp-content\/uploads\/2019\/11\/kongres_590_7.jpg\" class=\"attachment-large size-large\" alt=\"kongres3\" srcset=\"https:\/\/bryk.com.pl\/wp-content\/uploads\/2019\/11\/kongres_590_7.jpg 1000w, https:\/\/bryk.com.pl\/wp-content\/uploads\/2019\/11\/kongres_590_7-533x400.jpg 533w, https:\/\/bryk.com.pl\/wp-content\/uploads\/2019\/11\/kongres_590_7-768x576.jpg 768w, https:\/\/bryk.com.pl\/wp-content\/uploads\/2019\/11\/kongres_590_7-830x623.jpg 830w, https:\/\/bryk.com.pl\/wp-content\/uploads\/2019\/11\/kongres_590_7-510x383.jpg 510w\" sizes=\"(max-width: 1000px) 100vw, 1000px\" \/><\/a>\n\t\t\t<\/div><\/figure><figure class='gallery-item'>\n\t\t\t<div class='gallery-icon portrait'>\n\t\t\t\t<a href='https:\/\/bryk.com.pl\/wp-content\/uploads\/2019\/11\/kongres_590_8.jpg'><img loading=\"lazy\" decoding=\"async\" width=\"600\" height=\"800\" src=\"https:\/\/bryk.com.pl\/wp-content\/uploads\/2019\/11\/kongres_590_8-600x800.jpg\" class=\"attachment-large size-large\" alt=\"kongres2\" srcset=\"https:\/\/bryk.com.pl\/wp-content\/uploads\/2019\/11\/kongres_590_8-600x800.jpg 600w, https:\/\/bryk.com.pl\/wp-content\/uploads\/2019\/11\/kongres_590_8-300x400.jpg 300w, https:\/\/bryk.com.pl\/wp-content\/uploads\/2019\/11\/kongres_590_8-510x680.jpg 510w, https:\/\/bryk.com.pl\/wp-content\/uploads\/2019\/11\/kongres_590_8.jpg 750w\" sizes=\"(max-width: 600px) 100vw, 600px\" \/><\/a>\n\t\t\t<\/div><\/figure><figure class='gallery-item'>\n\t\t\t<div class='gallery-icon landscape'>\n\t\t\t\t<a href='https:\/\/bryk.com.pl\/wp-content\/uploads\/2019\/11\/kongres_590_13.jpg'><img loading=\"lazy\" decoding=\"async\" width=\"1000\" height=\"749\" src=\"https:\/\/bryk.com.pl\/wp-content\/uploads\/2019\/11\/kongres_590_13.jpg\" class=\"attachment-large size-large\" alt=\"kongres\" srcset=\"https:\/\/bryk.com.pl\/wp-content\/uploads\/2019\/11\/kongres_590_13.jpg 1000w, https:\/\/bryk.com.pl\/wp-content\/uploads\/2019\/11\/kongres_590_13-534x400.jpg 534w, https:\/\/bryk.com.pl\/wp-content\/uploads\/2019\/11\/kongres_590_13-768x575.jpg 768w, https:\/\/bryk.com.pl\/wp-content\/uploads\/2019\/11\/kongres_590_13-830x622.jpg 830w, https:\/\/bryk.com.pl\/wp-content\/uploads\/2019\/11\/kongres_590_13-510x382.jpg 510w\" sizes=\"(max-width: 1000px) 100vw, 1000px\" \/><\/a>\n\t\t\t<\/div><\/figure>\n\t\t<\/div>\n\n","protected":false},"excerpt":{"rendered":"<p>W dniach 7-8 pa\u017adziernika 2019r. w Jasionce k. Rzeszowa odby\u0142 si\u0119 Kongres 590. Jest to spotkanie lider\u00f3w biznesu, nauki i opinii publicznej. Tym bardziej wyj\u0105tkowe, \u017ce patronuj\u0105 mu i wspieraj\u0105 najwa\u017cniejsze instytucje pa\u0144stwa polskiego, z Prezydentem RP i Prezesem Rady Ministr\u00f3w na czele. W tym roku 21 przedsi\u0119biorstw zosta\u0142o nominowanych do Nagrody Gospodarczej Prezydenta RP, [&hellip;]\n","protected":false},"author":24783,"featured_media":3591,"comment_status":"closed","ping_status":"open","sticky":false,"template":"","format":"standard","meta":{"footnotes":""},"categories":[309],"tags":[],"class_list":["post-3584","post","type-post","status-publish","format-standard","has-post-thumbnail","hentry","category-aktualnosci"],"yoast_head":"<!-- This site is optimized with the Yoast SEO plugin v24.5 - https:\/\/yoast.com\/wordpress\/plugins\/seo\/ -->\n<title>Nominacja do Nagrody Gospodarczej Prezydenta RP. - BRYK - LEAVE A PRECISE MARK<\/title>\n<meta name=\"robots\" content=\"index, follow, max-snippet:-1, max-image-preview:large, max-video-preview:-1\" \/>\n<link rel=\"canonical\" href=\"https:\/\/bryk.com.pl\/?p=3584\" \/>\n<meta property=\"og:locale\" content=\"pl_PL\" \/>\n<meta property=\"og:type\" content=\"article\" \/>\n<meta property=\"og:title\" content=\"Nominacja do Nagrody Gospodarczej Prezydenta RP. - BRYK - LEAVE A PRECISE MARK\" \/>\n<meta property=\"og:description\" content=\"W dniach 7-8 pa\u017adziernika 2019r. w Jasionce k. Rzeszowa odby\u0142 si\u0119 Kongres 590. Jest to spotkanie lider\u00f3w biznesu, nauki i opinii publicznej. Tym bardziej wyj\u0105tkowe, \u017ce patronuj\u0105 mu i wspieraj\u0105 najwa\u017cniejsze instytucje pa\u0144stwa polskiego, z Prezydentem RP i Prezesem Rady Ministr\u00f3w na czele. W tym roku 21 przedsi\u0119biorstw zosta\u0142o nominowanych do Nagrody Gospodarczej Prezydenta RP, [&hellip;]\" \/>\n<meta property=\"og:url\" content=\"https:\/\/bryk.com.pl\/?p=3584\" \/>\n<meta property=\"og:site_name\" content=\"BRYK - LEAVE A PRECISE MARK\" \/>\n<meta property=\"article:publisher\" content=\"https:\/\/www.facebook.com\/ppuhbryk\/\" \/>\n<meta property=\"article:published_time\" content=\"2019-11-02T10:44:23+00:00\" \/>\n<meta property=\"article:modified_time\" content=\"2023-02-08T12:47:21+00:00\" \/>\n<meta property=\"og:image\" content=\"https:\/\/bryk.com.pl\/wp-content\/uploads\/2019\/11\/kongres_590_7.jpg\" \/>\n\t<meta property=\"og:image:width\" content=\"1000\" \/>\n\t<meta property=\"og:image:height\" content=\"750\" \/>\n\t<meta property=\"og:image:type\" content=\"image\/jpeg\" \/>\n<meta name=\"author\" content=\"brykadmin\" \/>\n<meta name=\"twitter:card\" content=\"summary_large_image\" \/>\n<meta name=\"twitter:label1\" content=\"Napisane przez\" \/>\n\t<meta name=\"twitter:data1\" content=\"brykadmin\" \/>\n\t<meta name=\"twitter:label2\" content=\"Szacowany czas czytania\" \/>\n\t<meta name=\"twitter:data2\" content=\"1 minuta\" \/>\n<script type=\"application\/ld+json\" class=\"yoast-schema-graph\">{\"@context\":\"https:\/\/schema.org\",\"@graph\":[{\"@type\":\"WebPage\",\"@id\":\"https:\/\/bryk.com.pl\/?p=3584\",\"url\":\"https:\/\/bryk.com.pl\/?p=3584\",\"name\":\"Nominacja do Nagrody Gospodarczej Prezydenta RP. - BRYK - LEAVE A PRECISE MARK\",\"isPartOf\":{\"@id\":\"https:\/\/bryk.com.pl\/#website\"},\"primaryImageOfPage\":{\"@id\":\"https:\/\/bryk.com.pl\/?p=3584#primaryimage\"},\"image\":{\"@id\":\"https:\/\/bryk.com.pl\/?p=3584#primaryimage\"},\"thumbnailUrl\":\"https:\/\/bryk.com.pl\/wp-content\/uploads\/2019\/11\/kongres_590_7.jpg\",\"datePublished\":\"2019-11-02T10:44:23+00:00\",\"dateModified\":\"2023-02-08T12:47:21+00:00\",\"author\":{\"@id\":\"https:\/\/bryk.com.pl\/#\/schema\/person\/45bb3a591c20f12581dfaccb0ec495ae\"},\"breadcrumb\":{\"@id\":\"https:\/\/bryk.com.pl\/?p=3584#breadcrumb\"},\"inLanguage\":\"pl-PL\",\"potentialAction\":[{\"@type\":\"ReadAction\",\"target\":[\"https:\/\/bryk.com.pl\/?p=3584\"]}]},{\"@type\":\"ImageObject\",\"inLanguage\":\"pl-PL\",\"@id\":\"https:\/\/bryk.com.pl\/?p=3584#primaryimage\",\"url\":\"https:\/\/bryk.com.pl\/wp-content\/uploads\/2019\/11\/kongres_590_7.jpg\",\"contentUrl\":\"https:\/\/bryk.com.pl\/wp-content\/uploads\/2019\/11\/kongres_590_7.jpg\",\"width\":1000,\"height\":750,\"caption\":\"kongres3\"},{\"@type\":\"BreadcrumbList\",\"@id\":\"https:\/\/bryk.com.pl\/?p=3584#breadcrumb\",\"itemListElement\":[{\"@type\":\"ListItem\",\"position\":1,\"name\":\"Strona g\u0142\u00f3wna\",\"item\":\"https:\/\/bryk.com.pl\/\"},{\"@type\":\"ListItem\",\"position\":2,\"name\":\"Nominacja do Nagrody Gospodarczej Prezydenta RP.\"}]},{\"@type\":\"WebSite\",\"@id\":\"https:\/\/bryk.com.pl\/#website\",\"url\":\"https:\/\/bryk.com.pl\/\",\"name\":\"BRYK - LEAVE A PRECISE MARK\",\"description\":\"Polski producent narz\u0119dzi\",\"potentialAction\":[{\"@type\":\"SearchAction\",\"target\":{\"@type\":\"EntryPoint\",\"urlTemplate\":\"https:\/\/bryk.com.pl\/?s={search_term_string}\"},\"query-input\":{\"@type\":\"PropertyValueSpecification\",\"valueRequired\":true,\"valueName\":\"search_term_string\"}}],\"inLanguage\":\"pl-PL\"},{\"@type\":\"Person\",\"@id\":\"https:\/\/bryk.com.pl\/#\/schema\/person\/45bb3a591c20f12581dfaccb0ec495ae\",\"name\":\"brykadmin\",\"url\":\"https:\/\/bryk.com.pl\/?author=24783\"}]}<\/script>\n<!-- \/ Yoast SEO plugin. -->","yoast_head_json":{"title":"Nominacja do Nagrody Gospodarczej Prezydenta RP. - BRYK - LEAVE A PRECISE MARK","robots":{"index":"index","follow":"follow","max-snippet":"max-snippet:-1","max-image-preview":"max-image-preview:large","max-video-preview":"max-video-preview:-1"},"canonical":"https:\/\/bryk.com.pl\/?p=3584","og_locale":"pl_PL","og_type":"article","og_title":"Nominacja do Nagrody Gospodarczej Prezydenta RP. - BRYK - LEAVE A PRECISE MARK","og_description":"W dniach 7-8 pa\u017adziernika 2019r. w Jasionce k. Rzeszowa odby\u0142 si\u0119 Kongres 590. Jest to spotkanie lider\u00f3w biznesu, nauki i opinii publicznej. Tym bardziej wyj\u0105tkowe, \u017ce patronuj\u0105 mu i wspieraj\u0105 najwa\u017cniejsze instytucje pa\u0144stwa polskiego, z Prezydentem RP i Prezesem Rady Ministr\u00f3w na czele. W tym roku 21 przedsi\u0119biorstw zosta\u0142o nominowanych do Nagrody Gospodarczej Prezydenta RP, [&hellip;]","og_url":"https:\/\/bryk.com.pl\/?p=3584","og_site_name":"BRYK - LEAVE A PRECISE MARK","article_publisher":"https:\/\/www.facebook.com\/ppuhbryk\/","article_published_time":"2019-11-02T10:44:23+00:00","article_modified_time":"2023-02-08T12:47:21+00:00","og_image":[{"width":1000,"height":750,"url":"https:\/\/bryk.com.pl\/wp-content\/uploads\/2019\/11\/kongres_590_7.jpg","type":"image\/jpeg"}],"author":"brykadmin","twitter_card":"summary_large_image","twitter_misc":{"Napisane przez":"brykadmin","Szacowany czas czytania":"1 minuta"},"schema":{"@context":"https:\/\/schema.org","@graph":[{"@type":"WebPage","@id":"https:\/\/bryk.com.pl\/?p=3584","url":"https:\/\/bryk.com.pl\/?p=3584","name":"Nominacja do Nagrody Gospodarczej Prezydenta RP. - BRYK - LEAVE A PRECISE MARK","isPartOf":{"@id":"https:\/\/bryk.com.pl\/#website"},"primaryImageOfPage":{"@id":"https:\/\/bryk.com.pl\/?p=3584#primaryimage"},"image":{"@id":"https:\/\/bryk.com.pl\/?p=3584#primaryimage"},"thumbnailUrl":"https:\/\/bryk.com.pl\/wp-content\/uploads\/2019\/11\/kongres_590_7.jpg","datePublished":"2019-11-02T10:44:23+00:00","dateModified":"2023-02-08T12:47:21+00:00","author":{"@id":"https:\/\/bryk.com.pl\/#\/schema\/person\/45bb3a591c20f12581dfaccb0ec495ae"},"breadcrumb":{"@id":"https:\/\/bryk.com.pl\/?p=3584#breadcrumb"},"inLanguage":"pl-PL","potentialAction":[{"@type":"ReadAction","target":["https:\/\/bryk.com.pl\/?p=3584"]}]},{"@type":"ImageObject","inLanguage":"pl-PL","@id":"https:\/\/bryk.com.pl\/?p=3584#primaryimage","url":"https:\/\/bryk.com.pl\/wp-content\/uploads\/2019\/11\/kongres_590_7.jpg","contentUrl":"https:\/\/bryk.com.pl\/wp-content\/uploads\/2019\/11\/kongres_590_7.jpg","width":1000,"height":750,"caption":"kongres3"},{"@type":"BreadcrumbList","@id":"https:\/\/bryk.com.pl\/?p=3584#breadcrumb","itemListElement":[{"@type":"ListItem","position":1,"name":"Strona g\u0142\u00f3wna","item":"https:\/\/bryk.com.pl\/"},{"@type":"ListItem","position":2,"name":"Nominacja do Nagrody Gospodarczej Prezydenta RP."}]},{"@type":"WebSite","@id":"https:\/\/bryk.com.pl\/#website","url":"https:\/\/bryk.com.pl\/","name":"BRYK - LEAVE A PRECISE MARK","description":"Polski producent narz\u0119dzi","potentialAction":[{"@type":"SearchAction","target":{"@type":"EntryPoint","urlTemplate":"https:\/\/bryk.com.pl\/?s={search_term_string}"},"query-input":{"@type":"PropertyValueSpecification","valueRequired":true,"valueName":"search_term_string"}}],"inLanguage":"pl-PL"},{"@type":"Person","@id":"https:\/\/bryk.com.pl\/#\/schema\/person\/45bb3a591c20f12581dfaccb0ec495ae","name":"brykadmin","url":"https:\/\/bryk.com.pl\/?author=24783"}]}},"_links":{"self":[{"href":"https:\/\/bryk.com.pl\/index.php?rest_route=\/wp\/v2\/posts\/3584","targetHints":{"allow":["GET"]}}],"collection":[{"href":"https:\/\/bryk.com.pl\/index.php?rest_route=\/wp\/v2\/posts"}],"about":[{"href":"https:\/\/bryk.com.pl\/index.php?rest_route=\/wp\/v2\/types\/post"}],"author":[{"embeddable":true,"href":"https:\/\/bryk.com.pl\/index.php?rest_route=\/wp\/v2\/users\/24783"}],"replies":[{"embeddable":true,"href":"https:\/\/bryk.com.pl\/index.php?rest_route=%2Fwp%2Fv2%2Fcomments&post=3584"}],"version-history":[{"count":4,"href":"https:\/\/bryk.com.pl\/index.php?rest_route=\/wp\/v2\/posts\/3584\/revisions"}],"predecessor-version":[{"id":49788,"href":"https:\/\/bryk.com.pl\/index.php?rest_route=\/wp\/v2\/posts\/3584\/revisions\/49788"}],"wp:featuredmedia":[{"embeddable":true,"href":"https:\/\/bryk.com.pl\/index.php?rest_route=\/wp\/v2\/media\/3591"}],"wp:attachment":[{"href":"https:\/\/bryk.com.pl\/index.php?rest_route=%2Fwp%2Fv2%2Fmedia&parent=3584"}],"wp:term":[{"taxonomy":"category","embeddable":true,"href":"https:\/\/bryk.com.pl\/index.php?rest_route=%2Fwp%2Fv2%2Fcategories&post=3584"},{"taxonomy":"post_tag","embeddable":true,"href":"https:\/\/bryk.com.pl\/index.php?rest_route=%2Fwp%2Fv2%2Ftags&post=3584"}],"curies":[{"name":"wp","href":"https:\/\/api.w.org\/{rel}","templated":true}]}}