{"id":3616,"date":"2020-01-21T09:15:41","date_gmt":"2020-01-21T08:15:41","guid":{"rendered":"https:\/\/bryk.com.pl\/?p=3616"},"modified":"2022-12-02T10:57:39","modified_gmt":"2022-12-02T09:57:39","slug":"prezes-witold-bryk-menadzerem-roku-2019","status":"publish","type":"post","link":"https:\/\/bryk.com.pl?p=3616","title":{"rendered":"Prezes Witold Bryk Menad\u017cerem Roku 2019"},"content":{"rendered":"<p>Co nam przyniesie 2020?<\/p>\n<p>To wszystko przed nami, a my mamy czym si\u0119 pochwali\u0107 w minionym 2019!<\/p>\n<p>28 listopada w Sali Kongresowej Centrum Kongresowo-Wystawienniczego Wojew\u00f3dztwa Podkarpackiego G2A Arena w Jasionce ko\u0142o Rzeszowa wr\u0119czono nagrody i wyr\u00f3\u017cnienia w najwa\u017cniejszych podkarpackich nagrodach biznesowych.<\/p>\n<p>Wydarzenie organizowane by\u0142o ju\u017c po raz 18. przez Centrum Promocji Biznesu, kt\u00f3re w roku ubieg\u0142ym \u015bwi\u0119towa\u0142o jubileusz 25-lecia dzia\u0142alno\u015bci.<\/p>\n<p>Zwie\u0144czeniem I edycji Podkarpackiego Kongresu Gospodarczego by\u0142a uroczysta Gala. Uczestnicy Konkursu \u201ePodkarpacka Nagroda Gospodarcza\u201d oraz Programu Certyfikuj\u0105cego \u201eSmaczne bo Podkarpackie\u201d zaprezentowali si\u0119 przed prawie tysi\u0119czn\u0105 publiczno\u015bci\u0105 zgromadzon\u0105 w Sali Kongresowej. Wydarzenie to by\u0142o okazj\u0105 do zaprezentowania unikatowych produkt\u00f3w i nowoczesnych us\u0142ug, kt\u00f3re oferuj\u0105 firmy z Podkarpacia, dynamicznie dzi\u0119ki nim si\u0119 rozwijaj\u0105c i wychodz\u0105c na rynki og\u00f3lnopolskie i zagraniczne. W\u0142a\u015bciciel naszej firmy BRYK &#8211; Pan Witold Bryk zosta\u0142 uhonorowany statuetk\u0105 MENAD\u017bERA ROKU.<\/p>\n<p>GRATULUJEMY MOCNO I \u017bYCZYMY KOLEJNYCH SUKCES\u00d3W W 2020!<\/p>\n<p>#bryk #narzedzia #przemysl #drzewny #metal #automotive #menadzer #roku #gratulacje<\/p>\n","protected":false},"excerpt":{"rendered":"<p>Co nam przyniesie 2020? To wszystko przed nami, a my mamy czym si\u0119 pochwali\u0107 w minionym 2019! 28 listopada w Sali Kongresowej Centrum Kongresowo-Wystawienniczego Wojew\u00f3dztwa Podkarpackiego G2A Arena w Jasionce ko\u0142o Rzeszowa wr\u0119czono nagrody i wyr\u00f3\u017cnienia w najwa\u017cniejszych podkarpackich nagrodach biznesowych. Wydarzenie organizowane by\u0142o ju\u017c po raz 18. przez Centrum Promocji Biznesu, kt\u00f3re w roku [&hellip;]\n","protected":false},"author":24783,"featured_media":3593,"comment_status":"closed","ping_status":"closed","sticky":false,"template":"","format":"standard","meta":{"footnotes":""},"categories":[309,315],"tags":[],"class_list":["post-3616","post","type-post","status-publish","format-standard","has-post-thumbnail","hentry","category-aktualnosci","category-news"],"yoast_head":"<!-- This site is optimized with the Yoast SEO plugin v24.5 - https:\/\/yoast.com\/wordpress\/plugins\/seo\/ -->\n<title>Prezes Witold Bryk Menad\u017cerem Roku 2019 - BRYK - LEAVE A PRECISE MARK<\/title>\n<meta name=\"robots\" content=\"index, follow, max-snippet:-1, max-image-preview:large, max-video-preview:-1\" \/>\n<link rel=\"canonical\" href=\"https:\/\/bryk.com.pl\/?p=3616\" \/>\n<meta property=\"og:locale\" content=\"pl_PL\" \/>\n<meta property=\"og:type\" content=\"article\" \/>\n<meta property=\"og:title\" content=\"Prezes Witold Bryk Menad\u017cerem Roku 2019 - BRYK - LEAVE A PRECISE MARK\" \/>\n<meta property=\"og:description\" content=\"Co nam przyniesie 2020? To wszystko przed nami, a my mamy czym si\u0119 pochwali\u0107 w minionym 2019! 28 listopada w Sali Kongresowej Centrum Kongresowo-Wystawienniczego Wojew\u00f3dztwa Podkarpackiego G2A Arena w Jasionce ko\u0142o Rzeszowa wr\u0119czono nagrody i wyr\u00f3\u017cnienia w najwa\u017cniejszych podkarpackich nagrodach biznesowych. Wydarzenie organizowane by\u0142o ju\u017c po raz 18. przez Centrum Promocji Biznesu, kt\u00f3re w roku [&hellip;]\" \/>\n<meta property=\"og:url\" content=\"https:\/\/bryk.com.pl\/?p=3616\" \/>\n<meta property=\"og:site_name\" content=\"BRYK - LEAVE A PRECISE MARK\" \/>\n<meta property=\"article:publisher\" content=\"https:\/\/www.facebook.com\/ppuhbryk\/\" \/>\n<meta property=\"article:published_time\" content=\"2020-01-21T08:15:41+00:00\" \/>\n<meta property=\"article:modified_time\" content=\"2022-12-02T09:57:39+00:00\" \/>\n<meta property=\"og:image\" content=\"https:\/\/bryk.com.pl\/wp-content\/uploads\/2019\/11\/kongres_590_8.jpg\" \/>\n\t<meta property=\"og:image:width\" content=\"750\" \/>\n\t<meta property=\"og:image:height\" content=\"1000\" \/>\n\t<meta property=\"og:image:type\" content=\"image\/jpeg\" \/>\n<meta name=\"author\" content=\"brykadmin\" \/>\n<meta name=\"twitter:card\" content=\"summary_large_image\" \/>\n<meta name=\"twitter:label1\" content=\"Napisane przez\" \/>\n\t<meta name=\"twitter:data1\" content=\"brykadmin\" \/>\n\t<meta name=\"twitter:label2\" content=\"Szacowany czas czytania\" \/>\n\t<meta name=\"twitter:data2\" content=\"1 minuta\" \/>\n<script type=\"application\/ld+json\" class=\"yoast-schema-graph\">{\"@context\":\"https:\/\/schema.org\",\"@graph\":[{\"@type\":\"WebPage\",\"@id\":\"https:\/\/bryk.com.pl\/?p=3616\",\"url\":\"https:\/\/bryk.com.pl\/?p=3616\",\"name\":\"Prezes Witold Bryk Menad\u017cerem Roku 2019 - BRYK - LEAVE A PRECISE MARK\",\"isPartOf\":{\"@id\":\"https:\/\/bryk.com.pl\/#website\"},\"primaryImageOfPage\":{\"@id\":\"https:\/\/bryk.com.pl\/?p=3616#primaryimage\"},\"image\":{\"@id\":\"https:\/\/bryk.com.pl\/?p=3616#primaryimage\"},\"thumbnailUrl\":\"https:\/\/bryk.com.pl\/wp-content\/uploads\/2019\/11\/kongres_590_8.jpg\",\"datePublished\":\"2020-01-21T08:15:41+00:00\",\"dateModified\":\"2022-12-02T09:57:39+00:00\",\"author\":{\"@id\":\"https:\/\/bryk.com.pl\/#\/schema\/person\/45bb3a591c20f12581dfaccb0ec495ae\"},\"breadcrumb\":{\"@id\":\"https:\/\/bryk.com.pl\/?p=3616#breadcrumb\"},\"inLanguage\":\"pl-PL\",\"potentialAction\":[{\"@type\":\"ReadAction\",\"target\":[\"https:\/\/bryk.com.pl\/?p=3616\"]}]},{\"@type\":\"ImageObject\",\"inLanguage\":\"pl-PL\",\"@id\":\"https:\/\/bryk.com.pl\/?p=3616#primaryimage\",\"url\":\"https:\/\/bryk.com.pl\/wp-content\/uploads\/2019\/11\/kongres_590_8.jpg\",\"contentUrl\":\"https:\/\/bryk.com.pl\/wp-content\/uploads\/2019\/11\/kongres_590_8.jpg\",\"width\":750,\"height\":1000,\"caption\":\"kongres2\"},{\"@type\":\"BreadcrumbList\",\"@id\":\"https:\/\/bryk.com.pl\/?p=3616#breadcrumb\",\"itemListElement\":[{\"@type\":\"ListItem\",\"position\":1,\"name\":\"Strona g\u0142\u00f3wna\",\"item\":\"https:\/\/bryk.com.pl\/\"},{\"@type\":\"ListItem\",\"position\":2,\"name\":\"Prezes Witold Bryk Menad\u017cerem Roku 2019\"}]},{\"@type\":\"WebSite\",\"@id\":\"https:\/\/bryk.com.pl\/#website\",\"url\":\"https:\/\/bryk.com.pl\/\",\"name\":\"BRYK - LEAVE A PRECISE MARK\",\"description\":\"Polski producent narz\u0119dzi\",\"potentialAction\":[{\"@type\":\"SearchAction\",\"target\":{\"@type\":\"EntryPoint\",\"urlTemplate\":\"https:\/\/bryk.com.pl\/?s={search_term_string}\"},\"query-input\":{\"@type\":\"PropertyValueSpecification\",\"valueRequired\":true,\"valueName\":\"search_term_string\"}}],\"inLanguage\":\"pl-PL\"},{\"@type\":\"Person\",\"@id\":\"https:\/\/bryk.com.pl\/#\/schema\/person\/45bb3a591c20f12581dfaccb0ec495ae\",\"name\":\"brykadmin\",\"url\":\"https:\/\/bryk.com.pl\/?author=24783\"}]}<\/script>\n<!-- \/ Yoast SEO plugin. -->","yoast_head_json":{"title":"Prezes Witold Bryk Menad\u017cerem Roku 2019 - BRYK - LEAVE A PRECISE MARK","robots":{"index":"index","follow":"follow","max-snippet":"max-snippet:-1","max-image-preview":"max-image-preview:large","max-video-preview":"max-video-preview:-1"},"canonical":"https:\/\/bryk.com.pl\/?p=3616","og_locale":"pl_PL","og_type":"article","og_title":"Prezes Witold Bryk Menad\u017cerem Roku 2019 - BRYK - LEAVE A PRECISE MARK","og_description":"Co nam przyniesie 2020? To wszystko przed nami, a my mamy czym si\u0119 pochwali\u0107 w minionym 2019! 28 listopada w Sali Kongresowej Centrum Kongresowo-Wystawienniczego Wojew\u00f3dztwa Podkarpackiego G2A Arena w Jasionce ko\u0142o Rzeszowa wr\u0119czono nagrody i wyr\u00f3\u017cnienia w najwa\u017cniejszych podkarpackich nagrodach biznesowych. Wydarzenie organizowane by\u0142o ju\u017c po raz 18. przez Centrum Promocji Biznesu, kt\u00f3re w roku [&hellip;]","og_url":"https:\/\/bryk.com.pl\/?p=3616","og_site_name":"BRYK - LEAVE A PRECISE MARK","article_publisher":"https:\/\/www.facebook.com\/ppuhbryk\/","article_published_time":"2020-01-21T08:15:41+00:00","article_modified_time":"2022-12-02T09:57:39+00:00","og_image":[{"width":750,"height":1000,"url":"https:\/\/bryk.com.pl\/wp-content\/uploads\/2019\/11\/kongres_590_8.jpg","type":"image\/jpeg"}],"author":"brykadmin","twitter_card":"summary_large_image","twitter_misc":{"Napisane przez":"brykadmin","Szacowany czas czytania":"1 minuta"},"schema":{"@context":"https:\/\/schema.org","@graph":[{"@type":"WebPage","@id":"https:\/\/bryk.com.pl\/?p=3616","url":"https:\/\/bryk.com.pl\/?p=3616","name":"Prezes Witold Bryk Menad\u017cerem Roku 2019 - BRYK - LEAVE A PRECISE MARK","isPartOf":{"@id":"https:\/\/bryk.com.pl\/#website"},"primaryImageOfPage":{"@id":"https:\/\/bryk.com.pl\/?p=3616#primaryimage"},"image":{"@id":"https:\/\/bryk.com.pl\/?p=3616#primaryimage"},"thumbnailUrl":"https:\/\/bryk.com.pl\/wp-content\/uploads\/2019\/11\/kongres_590_8.jpg","datePublished":"2020-01-21T08:15:41+00:00","dateModified":"2022-12-02T09:57:39+00:00","author":{"@id":"https:\/\/bryk.com.pl\/#\/schema\/person\/45bb3a591c20f12581dfaccb0ec495ae"},"breadcrumb":{"@id":"https:\/\/bryk.com.pl\/?p=3616#breadcrumb"},"inLanguage":"pl-PL","potentialAction":[{"@type":"ReadAction","target":["https:\/\/bryk.com.pl\/?p=3616"]}]},{"@type":"ImageObject","inLanguage":"pl-PL","@id":"https:\/\/bryk.com.pl\/?p=3616#primaryimage","url":"https:\/\/bryk.com.pl\/wp-content\/uploads\/2019\/11\/kongres_590_8.jpg","contentUrl":"https:\/\/bryk.com.pl\/wp-content\/uploads\/2019\/11\/kongres_590_8.jpg","width":750,"height":1000,"caption":"kongres2"},{"@type":"BreadcrumbList","@id":"https:\/\/bryk.com.pl\/?p=3616#breadcrumb","itemListElement":[{"@type":"ListItem","position":1,"name":"Strona g\u0142\u00f3wna","item":"https:\/\/bryk.com.pl\/"},{"@type":"ListItem","position":2,"name":"Prezes Witold Bryk Menad\u017cerem Roku 2019"}]},{"@type":"WebSite","@id":"https:\/\/bryk.com.pl\/#website","url":"https:\/\/bryk.com.pl\/","name":"BRYK - LEAVE A PRECISE MARK","description":"Polski producent narz\u0119dzi","potentialAction":[{"@type":"SearchAction","target":{"@type":"EntryPoint","urlTemplate":"https:\/\/bryk.com.pl\/?s={search_term_string}"},"query-input":{"@type":"PropertyValueSpecification","valueRequired":true,"valueName":"search_term_string"}}],"inLanguage":"pl-PL"},{"@type":"Person","@id":"https:\/\/bryk.com.pl\/#\/schema\/person\/45bb3a591c20f12581dfaccb0ec495ae","name":"brykadmin","url":"https:\/\/bryk.com.pl\/?author=24783"}]}},"_links":{"self":[{"href":"https:\/\/bryk.com.pl\/index.php?rest_route=\/wp\/v2\/posts\/3616","targetHints":{"allow":["GET"]}}],"collection":[{"href":"https:\/\/bryk.com.pl\/index.php?rest_route=\/wp\/v2\/posts"}],"about":[{"href":"https:\/\/bryk.com.pl\/index.php?rest_route=\/wp\/v2\/types\/post"}],"author":[{"embeddable":true,"href":"https:\/\/bryk.com.pl\/index.php?rest_route=\/wp\/v2\/users\/24783"}],"replies":[{"embeddable":true,"href":"https:\/\/bryk.com.pl\/index.php?rest_route=%2Fwp%2Fv2%2Fcomments&post=3616"}],"version-history":[{"count":8,"href":"https:\/\/bryk.com.pl\/index.php?rest_route=\/wp\/v2\/posts\/3616\/revisions"}],"predecessor-version":[{"id":49584,"href":"https:\/\/bryk.com.pl\/index.php?rest_route=\/wp\/v2\/posts\/3616\/revisions\/49584"}],"wp:featuredmedia":[{"embeddable":true,"href":"https:\/\/bryk.com.pl\/index.php?rest_route=\/wp\/v2\/media\/3593"}],"wp:attachment":[{"href":"https:\/\/bryk.com.pl\/index.php?rest_route=%2Fwp%2Fv2%2Fmedia&parent=3616"}],"wp:term":[{"taxonomy":"category","embeddable":true,"href":"https:\/\/bryk.com.pl\/index.php?rest_route=%2Fwp%2Fv2%2Fcategories&post=3616"},{"taxonomy":"post_tag","embeddable":true,"href":"https:\/\/bryk.com.pl\/index.php?rest_route=%2Fwp%2Fv2%2Ftags&post=3616"}],"curies":[{"name":"wp","href":"https:\/\/api.w.org\/{rel}","templated":true}]}}