{"id":51604,"date":"2025-08-04T14:52:48","date_gmt":"2025-08-04T12:52:48","guid":{"rendered":"https:\/\/bryk.com.pl\/?p=51604"},"modified":"2025-08-06T08:58:49","modified_gmt":"2025-08-06T06:58:49","slug":"zapraszamy-na-targi-drema-2025-zobacz-nasze-nowe-rozwiazania","status":"publish","type":"post","link":"https:\/\/bryk.com.pl?p=51604","title":{"rendered":"Zapraszamy na targi DREMA 2025 \u2013 zobacz nasze nowe rozwi\u0105zania!"},"content":{"rendered":"<p>W dniach <strong>9\u201312 wrze\u015bnia 2025 r.<\/strong> b\u0119dziemy obecni na <strong>Mi\u0119dzynarodowych Targach DREMA<\/strong> w Poznaniu \u2013 jednym z najwa\u017cniejszych wydarze\u0144 dla bran\u017cy drzewnej, meblarskiej i narz\u0119dziowej w Polsce.<\/p>\n<p>Znajdziecie nas w <strong>Pawilonie 5, Stoisko 65<\/strong>.<\/p>\n<p>Podczas targ\u00f3w zaprezentujemy:<\/p>\n<ul>\n<li>nasze najnowsze <strong>narz\u0119dzia skrawaj\u0105ce<\/strong> i rozwi\u0105zania technologiczne,<\/li>\n<li>system <strong>GuardPro<\/strong> \u2013 automatyczny system wydawania i ewidencji narz\u0119dzi,<\/li>\n<li>nasz\u0105 now\u0105 <strong>platform\u0119 B2B<\/strong>, umo\u017cliwiaj\u0105c\u0105 szybkie i wygodne sk\u0142adanie zam\u00f3wie\u0144 online \u2013 24\/7.<\/li>\n<\/ul>\n<p>Targi to dla nas nie tylko okazja do zaprezentowania oferty \u2013 to r\u00f3wnie\u017c przestrze\u0144 do rozm\u00f3w, wymiany do\u015bwiadcze\u0144 i lepszego poznania potrzeb naszych Klient\u00f3w.<br \/>Zadbali\u015bmy o to, by ka\u017cdy odwiedzaj\u0105cy m\u00f3g\u0142 do\u015bwiadczy\u0107 nowoczesnego podej\u015bcia do zaopatrzenia i organizacji proces\u00f3w produkcyjnych.<\/p>\n<p><strong>\u00a0<\/strong><strong>Rejestracja<\/strong><\/p>\n<p>Udzia\u0142 w targach jest bezp\u0142atny, jednak wymaga wcze\u015bniejszej rejestracji online.<br \/>Je\u015bli potrzebujesz zaproszenia \u2013 skontaktuj si\u0119 z nami lub ze swoim doradc\u0105 handlowym.<\/p>\n<p><strong>Szczeg\u00f3\u0142y wydarzenia:<\/strong><br \/><strong>Data:<\/strong> 9\u201312 wrze\u015bnia 2025<br \/><strong>Miejsce:<\/strong> Mi\u0119dzynarodowe Targi Pozna\u0144skie<br \/><strong>Pawilon:<\/strong> 5<br \/><strong>Stoisko:<\/strong> 65<\/p>\n<p>Zach\u0119camy do odwiedzenia nas podczas targ\u00f3w!<br \/>Do zobaczenia w Poznaniu!<\/p>","protected":false},"excerpt":{"rendered":"<p>W dniach 9\u201312 wrze\u015bnia 2025 r. b\u0119dziemy obecni na Mi\u0119dzynarodowych Targach DREMA w Poznaniu \u2013 jednym z najwa\u017cniejszych wydarze\u0144 dla bran\u017cy drzewnej, meblarskiej i narz\u0119dziowej w Polsce. Znajdziecie nas w Pawilonie 5, Stoisko 65. Podczas targ\u00f3w zaprezentujemy: nasze najnowsze narz\u0119dzia skrawaj\u0105ce i rozwi\u0105zania technologiczne, system GuardPro \u2013 automatyczny system wydawania i ewidencji narz\u0119dzi, nasz\u0105 now\u0105 [&hellip;]\n","protected":false},"author":24787,"featured_media":51605,"comment_status":"closed","ping_status":"closed","sticky":false,"template":"","format":"standard","meta":{"footnotes":""},"categories":[309,314,317,315,313,318,316],"tags":[],"class_list":["post-51604","post","type-post","status-publish","format-standard","has-post-thumbnail","hentry","category-aktualnosci","category-katalogtest","category-narzedziasprzedaz","category-news","category-nowakat1","category-oferty","category-sprzedaz"],"yoast_head":"<!-- This site is optimized with the Yoast SEO plugin v24.5 - https:\/\/yoast.com\/wordpress\/plugins\/seo\/ -->\n<title>Zapraszamy na targi DREMA 2025 \u2013 zobacz nasze nowe rozwi\u0105zania! - BRYK - LEAVE A PRECISE MARK<\/title>\n<meta name=\"robots\" content=\"index, follow, max-snippet:-1, max-image-preview:large, max-video-preview:-1\" \/>\n<link rel=\"canonical\" href=\"https:\/\/bryk.com.pl\/?p=51604\" \/>\n<meta property=\"og:locale\" content=\"pl_PL\" \/>\n<meta property=\"og:type\" content=\"article\" \/>\n<meta property=\"og:title\" content=\"Zapraszamy na targi DREMA 2025 \u2013 zobacz nasze nowe rozwi\u0105zania! - BRYK - LEAVE A PRECISE MARK\" \/>\n<meta property=\"og:description\" content=\"W dniach 9\u201312 wrze\u015bnia 2025 r. b\u0119dziemy obecni na Mi\u0119dzynarodowych Targach DREMA w Poznaniu \u2013 jednym z najwa\u017cniejszych wydarze\u0144 dla bran\u017cy drzewnej, meblarskiej i narz\u0119dziowej w Polsce. Znajdziecie nas w Pawilonie 5, Stoisko 65. Podczas targ\u00f3w zaprezentujemy: nasze najnowsze narz\u0119dzia skrawaj\u0105ce i rozwi\u0105zania technologiczne, system GuardPro \u2013 automatyczny system wydawania i ewidencji narz\u0119dzi, nasz\u0105 now\u0105 [&hellip;]\" \/>\n<meta property=\"og:url\" content=\"https:\/\/bryk.com.pl\/?p=51604\" \/>\n<meta property=\"og:site_name\" content=\"BRYK - LEAVE A PRECISE MARK\" \/>\n<meta property=\"article:publisher\" content=\"https:\/\/www.facebook.com\/ppuhbryk\/\" \/>\n<meta property=\"article:published_time\" content=\"2025-08-04T12:52:48+00:00\" \/>\n<meta property=\"article:modified_time\" content=\"2025-08-06T06:58:49+00:00\" \/>\n<meta property=\"og:image\" content=\"https:\/\/bryk.com.pl\/wp-content\/uploads\/2025\/08\/DREMA_aktualnosci_www_9_-_12_wrzesnia_2025-1066x800.png\" \/>\n\t<meta property=\"og:image:width\" content=\"1066\" \/>\n\t<meta property=\"og:image:height\" content=\"800\" \/>\n\t<meta property=\"og:image:type\" content=\"image\/png\" \/>\n<meta name=\"author\" content=\"SuperAdmin\" \/>\n<meta name=\"twitter:card\" content=\"summary_large_image\" \/>\n<meta name=\"twitter:label1\" content=\"Napisane przez\" \/>\n\t<meta name=\"twitter:data1\" content=\"SuperAdmin\" \/>\n\t<meta name=\"twitter:label2\" content=\"Szacowany czas czytania\" \/>\n\t<meta name=\"twitter:data2\" content=\"2 minuty\" \/>\n<script type=\"application\/ld+json\" class=\"yoast-schema-graph\">{\"@context\":\"https:\/\/schema.org\",\"@graph\":[{\"@type\":\"WebPage\",\"@id\":\"https:\/\/bryk.com.pl\/?p=51604\",\"url\":\"https:\/\/bryk.com.pl\/?p=51604\",\"name\":\"Zapraszamy na targi DREMA 2025 \u2013 zobacz nasze nowe rozwi\u0105zania! - BRYK - LEAVE A PRECISE MARK\",\"isPartOf\":{\"@id\":\"https:\/\/bryk.com.pl\/#website\"},\"primaryImageOfPage\":{\"@id\":\"https:\/\/bryk.com.pl\/?p=51604#primaryimage\"},\"image\":{\"@id\":\"https:\/\/bryk.com.pl\/?p=51604#primaryimage\"},\"thumbnailUrl\":\"https:\/\/bryk.com.pl\/wp-content\/uploads\/2025\/08\/DREMA_aktualnosci_www_9_-_12_wrzesnia_2025.png\",\"datePublished\":\"2025-08-04T12:52:48+00:00\",\"dateModified\":\"2025-08-06T06:58:49+00:00\",\"author\":{\"@id\":\"https:\/\/bryk.com.pl\/#\/schema\/person\/a53f4d107d2b899278a11ce8f8b82a00\"},\"breadcrumb\":{\"@id\":\"https:\/\/bryk.com.pl\/?p=51604#breadcrumb\"},\"inLanguage\":\"pl-PL\",\"potentialAction\":[{\"@type\":\"ReadAction\",\"target\":[\"https:\/\/bryk.com.pl\/?p=51604\"]}]},{\"@type\":\"ImageObject\",\"inLanguage\":\"pl-PL\",\"@id\":\"https:\/\/bryk.com.pl\/?p=51604#primaryimage\",\"url\":\"https:\/\/bryk.com.pl\/wp-content\/uploads\/2025\/08\/DREMA_aktualnosci_www_9_-_12_wrzesnia_2025.png\",\"contentUrl\":\"https:\/\/bryk.com.pl\/wp-content\/uploads\/2025\/08\/DREMA_aktualnosci_www_9_-_12_wrzesnia_2025.png\",\"width\":3450,\"height\":2588},{\"@type\":\"BreadcrumbList\",\"@id\":\"https:\/\/bryk.com.pl\/?p=51604#breadcrumb\",\"itemListElement\":[{\"@type\":\"ListItem\",\"position\":1,\"name\":\"Strona g\u0142\u00f3wna\",\"item\":\"https:\/\/bryk.com.pl\/\"},{\"@type\":\"ListItem\",\"position\":2,\"name\":\"Zapraszamy na targi DREMA 2025 \u2013 zobacz nasze nowe rozwi\u0105zania!\"}]},{\"@type\":\"WebSite\",\"@id\":\"https:\/\/bryk.com.pl\/#website\",\"url\":\"https:\/\/bryk.com.pl\/\",\"name\":\"BRYK - LEAVE A PRECISE MARK\",\"description\":\"Polski producent narz\u0119dzi\",\"potentialAction\":[{\"@type\":\"SearchAction\",\"target\":{\"@type\":\"EntryPoint\",\"urlTemplate\":\"https:\/\/bryk.com.pl\/?s={search_term_string}\"},\"query-input\":{\"@type\":\"PropertyValueSpecification\",\"valueRequired\":true,\"valueName\":\"search_term_string\"}}],\"inLanguage\":\"pl-PL\"},{\"@type\":\"Person\",\"@id\":\"https:\/\/bryk.com.pl\/#\/schema\/person\/a53f4d107d2b899278a11ce8f8b82a00\",\"name\":\"SuperAdmin\",\"url\":\"https:\/\/bryk.com.pl\/?author=24787\"}]}<\/script>\n<!-- \/ Yoast SEO plugin. -->","yoast_head_json":{"title":"Zapraszamy na targi DREMA 2025 \u2013 zobacz nasze nowe rozwi\u0105zania! - BRYK - LEAVE A PRECISE MARK","robots":{"index":"index","follow":"follow","max-snippet":"max-snippet:-1","max-image-preview":"max-image-preview:large","max-video-preview":"max-video-preview:-1"},"canonical":"https:\/\/bryk.com.pl\/?p=51604","og_locale":"pl_PL","og_type":"article","og_title":"Zapraszamy na targi DREMA 2025 \u2013 zobacz nasze nowe rozwi\u0105zania! - BRYK - LEAVE A PRECISE MARK","og_description":"W dniach 9\u201312 wrze\u015bnia 2025 r. b\u0119dziemy obecni na Mi\u0119dzynarodowych Targach DREMA w Poznaniu \u2013 jednym z najwa\u017cniejszych wydarze\u0144 dla bran\u017cy drzewnej, meblarskiej i narz\u0119dziowej w Polsce. Znajdziecie nas w Pawilonie 5, Stoisko 65. Podczas targ\u00f3w zaprezentujemy: nasze najnowsze narz\u0119dzia skrawaj\u0105ce i rozwi\u0105zania technologiczne, system GuardPro \u2013 automatyczny system wydawania i ewidencji narz\u0119dzi, nasz\u0105 now\u0105 [&hellip;]","og_url":"https:\/\/bryk.com.pl\/?p=51604","og_site_name":"BRYK - LEAVE A PRECISE MARK","article_publisher":"https:\/\/www.facebook.com\/ppuhbryk\/","article_published_time":"2025-08-04T12:52:48+00:00","article_modified_time":"2025-08-06T06:58:49+00:00","og_image":[{"width":1066,"height":800,"url":"https:\/\/bryk.com.pl\/wp-content\/uploads\/2025\/08\/DREMA_aktualnosci_www_9_-_12_wrzesnia_2025-1066x800.png","type":"image\/png"}],"author":"SuperAdmin","twitter_card":"summary_large_image","twitter_misc":{"Napisane przez":"SuperAdmin","Szacowany czas czytania":"2 minuty"},"schema":{"@context":"https:\/\/schema.org","@graph":[{"@type":"WebPage","@id":"https:\/\/bryk.com.pl\/?p=51604","url":"https:\/\/bryk.com.pl\/?p=51604","name":"Zapraszamy na targi DREMA 2025 \u2013 zobacz nasze nowe rozwi\u0105zania! - BRYK - LEAVE A PRECISE MARK","isPartOf":{"@id":"https:\/\/bryk.com.pl\/#website"},"primaryImageOfPage":{"@id":"https:\/\/bryk.com.pl\/?p=51604#primaryimage"},"image":{"@id":"https:\/\/bryk.com.pl\/?p=51604#primaryimage"},"thumbnailUrl":"https:\/\/bryk.com.pl\/wp-content\/uploads\/2025\/08\/DREMA_aktualnosci_www_9_-_12_wrzesnia_2025.png","datePublished":"2025-08-04T12:52:48+00:00","dateModified":"2025-08-06T06:58:49+00:00","author":{"@id":"https:\/\/bryk.com.pl\/#\/schema\/person\/a53f4d107d2b899278a11ce8f8b82a00"},"breadcrumb":{"@id":"https:\/\/bryk.com.pl\/?p=51604#breadcrumb"},"inLanguage":"pl-PL","potentialAction":[{"@type":"ReadAction","target":["https:\/\/bryk.com.pl\/?p=51604"]}]},{"@type":"ImageObject","inLanguage":"pl-PL","@id":"https:\/\/bryk.com.pl\/?p=51604#primaryimage","url":"https:\/\/bryk.com.pl\/wp-content\/uploads\/2025\/08\/DREMA_aktualnosci_www_9_-_12_wrzesnia_2025.png","contentUrl":"https:\/\/bryk.com.pl\/wp-content\/uploads\/2025\/08\/DREMA_aktualnosci_www_9_-_12_wrzesnia_2025.png","width":3450,"height":2588},{"@type":"BreadcrumbList","@id":"https:\/\/bryk.com.pl\/?p=51604#breadcrumb","itemListElement":[{"@type":"ListItem","position":1,"name":"Strona g\u0142\u00f3wna","item":"https:\/\/bryk.com.pl\/"},{"@type":"ListItem","position":2,"name":"Zapraszamy na targi DREMA 2025 \u2013 zobacz nasze nowe rozwi\u0105zania!"}]},{"@type":"WebSite","@id":"https:\/\/bryk.com.pl\/#website","url":"https:\/\/bryk.com.pl\/","name":"BRYK - LEAVE A PRECISE MARK","description":"Polski producent narz\u0119dzi","potentialAction":[{"@type":"SearchAction","target":{"@type":"EntryPoint","urlTemplate":"https:\/\/bryk.com.pl\/?s={search_term_string}"},"query-input":{"@type":"PropertyValueSpecification","valueRequired":true,"valueName":"search_term_string"}}],"inLanguage":"pl-PL"},{"@type":"Person","@id":"https:\/\/bryk.com.pl\/#\/schema\/person\/a53f4d107d2b899278a11ce8f8b82a00","name":"SuperAdmin","url":"https:\/\/bryk.com.pl\/?author=24787"}]}},"_links":{"self":[{"href":"https:\/\/bryk.com.pl\/index.php?rest_route=\/wp\/v2\/posts\/51604","targetHints":{"allow":["GET"]}}],"collection":[{"href":"https:\/\/bryk.com.pl\/index.php?rest_route=\/wp\/v2\/posts"}],"about":[{"href":"https:\/\/bryk.com.pl\/index.php?rest_route=\/wp\/v2\/types\/post"}],"author":[{"embeddable":true,"href":"https:\/\/bryk.com.pl\/index.php?rest_route=\/wp\/v2\/users\/24787"}],"replies":[{"embeddable":true,"href":"https:\/\/bryk.com.pl\/index.php?rest_route=%2Fwp%2Fv2%2Fcomments&post=51604"}],"version-history":[{"count":3,"href":"https:\/\/bryk.com.pl\/index.php?rest_route=\/wp\/v2\/posts\/51604\/revisions"}],"predecessor-version":[{"id":51620,"href":"https:\/\/bryk.com.pl\/index.php?rest_route=\/wp\/v2\/posts\/51604\/revisions\/51620"}],"wp:featuredmedia":[{"embeddable":true,"href":"https:\/\/bryk.com.pl\/index.php?rest_route=\/wp\/v2\/media\/51605"}],"wp:attachment":[{"href":"https:\/\/bryk.com.pl\/index.php?rest_route=%2Fwp%2Fv2%2Fmedia&parent=51604"}],"wp:term":[{"taxonomy":"category","embeddable":true,"href":"https:\/\/bryk.com.pl\/index.php?rest_route=%2Fwp%2Fv2%2Fcategories&post=51604"},{"taxonomy":"post_tag","embeddable":true,"href":"https:\/\/bryk.com.pl\/index.php?rest_route=%2Fwp%2Fv2%2Ftags&post=51604"}],"curies":[{"name":"wp","href":"https:\/\/api.w.org\/{rel}","templated":true}]}}